{"id":29978,"date":"2017-03-14T09:35:17","date_gmt":"2017-03-14T08:35:17","guid":{"rendered":"https:\/\/www.agres.es\/?p=29978\/"},"modified":"2021-03-22T10:14:39","modified_gmt":"2021-03-22T09:14:39","slug":"jornada-de-aprovechamiento-de-la-biomasa-en-agres","status":"publish","type":"post","link":"https:\/\/www.agres.es\/es\/jornada-de-aprovechamiento-de-la-biomasa-en-agres\/","title":{"rendered":"Jornada de aprovechamiento de la biomasa en Agres"},"content":{"rendered":"<div class=\"et_pb_text et_pb_module et_pb_bg_layout_light et_pb_text_align_left  et_pb_text_0\">\n<div class=\"et_pb_text_inner\">\n<h5>Mitos y leyendas sobre la gesti\u00f3n de la Biomasa. Todo lo que quer\u00edas saber y no has preguntado.<\/h5>\n<\/div>\n<\/div>\n<div class=\"et_pb_text et_pb_module et_pb_bg_layout_light et_pb_text_align_left  et_pb_text_1\">\n<div class=\"et_pb_text_inner\">\n<p class=\"Standard\"><span lang=\"CA\"><a class=\"et_pb_lightbox_image\" href=\"https:\/\/www.agres.es\/wp-content\/uploads\/2017\/05\/Flyer-Biomassa.jpg\"><img decoding=\"async\" class=\"alignleft wp-image-29980 size-medium\" src=\"https:\/\/www.agres.es\/wp-content\/uploads\/2017\/05\/Flyer-Biomassa-137x300.jpg\" sizes=\"(max-width: 137px) 100vw, 137px\" srcset=\"https:\/\/www.agres.es\/wp-content\/uploads\/2017\/05\/Flyer-Biomassa-137x300.jpg 137w, https:\/\/www.agres.es\/wp-content\/uploads\/2017\/05\/Flyer-Biomassa-768x1680.jpg 768w, https:\/\/www.agres.es\/wp-content\/uploads\/2017\/05\/Flyer-Biomassa-468x1024.jpg 468w, https:\/\/www.agres.es\/wp-content\/uploads\/2017\/05\/Flyer-Biomassa-1080x2363.jpg 1080w, https:\/\/www.agres.es\/wp-content\/uploads\/2017\/05\/Flyer-Biomassa.jpg 1134w\" alt=\"\" width=\"137\" height=\"300\" \/><\/a>Tradicionalmente la biomasa ha\u00a0sido un recurso utilizado, aprovechado, por diversas funciones, entre ellas la generaci\u00f3n de energ\u00eda. Posteriormente, d\u00e9cadas de\u00a0sustituci\u00f3n por\u00a0otras materias primas sustituyeron su aprovechamiento muchas veces al l\u00edmite de la marginalidad. De unos a\u00f1os hacia aqu\u00ed\u00a0vuelve a ser una realidad ese aprovechamiento, hoy por hoy b\u00e1sicamente para la producci\u00f3n energ\u00e9tica.<\/span><\/p>\n<p class=\"Standard\"><span lang=\"CA\">La revalorizaci\u00f3n reciente\u00a0y creciente de la biomasa \u00e9s una realidad. Lo es\u00a0hasta el punto que junto iniciativas mod\u00e9licas de obtenci\u00f3n, transformaci\u00f3n o consumo, junto a\u00a0proyectos\u00a0e infraestructuras de indudable inter\u00e9s, existen otros muy discutibles. Al\u00a0lado de iniciativas de gesti\u00f3n integrada, de reciclage i revalorizaci\u00f3n de residuos, de integraci\u00f3n ambiental, de vinculaci\u00f3n\u00a0con el desarrollo territorial,\u00a0nos encontramos\u00a0otros con planteamientos err\u00f3neos.\u00a0Todo eso\u00a0en un contexto de notable desconocimiento general para la cuesti\u00f3n.\u00a0<u>Delante de esa situaci\u00f3n el Ayuntamiento de Agres, sensibilizado por la problem\u00e1tica, se plantea promover una jornada participativa<\/u>.<\/span><\/p>\n<p class=\"Standard\"><span lang=\"CA\">La jornada de Agres\u00a0se plantea con el objetivo\u00a0de informar i debatir.\u00a0Se pretende\u00a0informar sobre la base de experiencias desarrolladas de caracter\u00edsticas variadas, como diversos son\u00a0los territorios de implantaci\u00f3n de las mismas.\u00a0Adem\u00e1s esta no \u00e9s una jornada t\u00e9cnica al uso,\u00a0sino pensada para atender todas las consultas posibles sobre la cuesti\u00f3n y a la misma vez para debatir en el contexto de les diversas visiones existentes.<\/span><\/p>\n<p class=\"Standard\"><span lang=\"CA\">Detr\u00e1s de esa visi\u00f3n efectiva i participativa de la\u00a0Jornada, el t\u00edtulo ya\u00a0es bastante expl\u00edcito, hay un grupo de profesionales con a\u00f1os de experiencia en el tema. Se trata de promotores o colaboradores en algunos de los foros de \u00e9xito sobre la biomasa que en diferentes comarcas valencianas se ha desarrollado desde 2011.<\/span><\/p>\n<\/div>\n<\/div>\n","protected":false},"excerpt":{"rendered":"<p>Mitos y leyendas sobre la gesti\u00f3n de la Biomasa. Todo lo que quer\u00edas saber y no has preguntado. Tradicionalmente la biomasa ha\u00a0sido un recurso utilizado, aprovechado, por diversas funciones, entre [&hellip;]<\/p>\n","protected":false},"author":1,"featured_media":29979,"comment_status":"closed","ping_status":"open","sticky":false,"template":"","format":"standard","meta":{"_et_pb_use_builder":"off","_et_pb_old_content":"","_et_gb_content_width":"","footnotes":""},"categories":[164],"tags":[],"class_list":["post-29978","post","type-post","status-publish","format-standard","has-post-thumbnail","hentry","category-noticias-es"],"yoast_head":"<!-- This site is optimized with the Yoast SEO plugin v26.9 - https:\/\/yoast.com\/product\/yoast-seo-wordpress\/ -->\n<title>Jornada de aprovechamiento de la biomasa en Agres - Agres<\/title>\n<meta name=\"robots\" content=\"index, follow, max-snippet:-1, max-image-preview:large, max-video-preview:-1\" \/>\n<link rel=\"canonical\" href=\"https:\/\/www.agres.es\/es\/jornada-de-aprovechamiento-de-la-biomasa-en-agres\/\" \/>\n<meta property=\"og:locale\" content=\"es_ES\" \/>\n<meta property=\"og:type\" content=\"article\" \/>\n<meta property=\"og:title\" content=\"Jornada de aprovechamiento de la biomasa en Agres - Agres\" \/>\n<meta property=\"og:description\" content=\"Mitos y leyendas sobre la gesti\u00f3n de la Biomasa. Todo lo que quer\u00edas saber y no has preguntado. Tradicionalmente la biomasa ha\u00a0sido un recurso utilizado, aprovechado, por diversas funciones, entre [&hellip;]\" \/>\n<meta property=\"og:url\" content=\"https:\/\/www.agres.es\/es\/jornada-de-aprovechamiento-de-la-biomasa-en-agres\/\" \/>\n<meta property=\"og:site_name\" content=\"Agres\" \/>\n<meta property=\"article:published_time\" content=\"2017-03-14T08:35:17+00:00\" \/>\n<meta property=\"article:modified_time\" content=\"2021-03-22T09:14:39+00:00\" \/>\n<meta property=\"og:image\" content=\"https:\/\/www.agres.es\/wp-content\/uploads\/2017\/05\/Flyer-Biomassa.jpg\" \/>\n\t<meta property=\"og:image:width\" content=\"1134\" \/>\n\t<meta property=\"og:image:height\" content=\"2481\" \/>\n\t<meta property=\"og:image:type\" content=\"image\/jpeg\" \/>\n<meta name=\"author\" content=\"heroe\" \/>\n<meta name=\"twitter:card\" content=\"summary_large_image\" \/>\n<meta name=\"twitter:label1\" content=\"Escrito por\" \/>\n\t<meta name=\"twitter:data1\" content=\"heroe\" \/>\n\t<meta name=\"twitter:label2\" content=\"Tiempo de lectura\" \/>\n\t<meta name=\"twitter:data2\" content=\"2 minutos\" \/>\n<script type=\"application\/ld+json\" class=\"yoast-schema-graph\">{\"@context\":\"https:\/\/schema.org\",\"@graph\":[{\"@type\":\"Article\",\"@id\":\"https:\/\/www.agres.es\/es\/jornada-de-aprovechamiento-de-la-biomasa-en-agres\/#article\",\"isPartOf\":{\"@id\":\"https:\/\/www.agres.es\/es\/jornada-de-aprovechamiento-de-la-biomasa-en-agres\/\"},\"author\":{\"name\":\"heroe\",\"@id\":\"https:\/\/www.agres.es\/es\/#\/schema\/person\/e83bc060ff273aef9a1b3ba5df65f157\"},\"headline\":\"Jornada de aprovechamiento de la biomasa en Agres\",\"datePublished\":\"2017-03-14T08:35:17+00:00\",\"dateModified\":\"2021-03-22T09:14:39+00:00\",\"mainEntityOfPage\":{\"@id\":\"https:\/\/www.agres.es\/es\/jornada-de-aprovechamiento-de-la-biomasa-en-agres\/\"},\"wordCount\":334,\"image\":{\"@id\":\"https:\/\/www.agres.es\/es\/jornada-de-aprovechamiento-de-la-biomasa-en-agres\/#primaryimage\"},\"thumbnailUrl\":\"https:\/\/www.agres.es\/wp-content\/uploads\/2017\/05\/Flyer-Biomassa.jpg\",\"articleSection\":[\"Noticias\"],\"inLanguage\":\"es\"},{\"@type\":\"WebPage\",\"@id\":\"https:\/\/www.agres.es\/es\/jornada-de-aprovechamiento-de-la-biomasa-en-agres\/\",\"url\":\"https:\/\/www.agres.es\/es\/jornada-de-aprovechamiento-de-la-biomasa-en-agres\/\",\"name\":\"Jornada de aprovechamiento de la biomasa en Agres - Agres\",\"isPartOf\":{\"@id\":\"https:\/\/www.agres.es\/es\/#website\"},\"primaryImageOfPage\":{\"@id\":\"https:\/\/www.agres.es\/es\/jornada-de-aprovechamiento-de-la-biomasa-en-agres\/#primaryimage\"},\"image\":{\"@id\":\"https:\/\/www.agres.es\/es\/jornada-de-aprovechamiento-de-la-biomasa-en-agres\/#primaryimage\"},\"thumbnailUrl\":\"https:\/\/www.agres.es\/wp-content\/uploads\/2017\/05\/Flyer-Biomassa.jpg\",\"datePublished\":\"2017-03-14T08:35:17+00:00\",\"dateModified\":\"2021-03-22T09:14:39+00:00\",\"author\":{\"@id\":\"https:\/\/www.agres.es\/es\/#\/schema\/person\/e83bc060ff273aef9a1b3ba5df65f157\"},\"breadcrumb\":{\"@id\":\"https:\/\/www.agres.es\/es\/jornada-de-aprovechamiento-de-la-biomasa-en-agres\/#breadcrumb\"},\"inLanguage\":\"es\",\"potentialAction\":[{\"@type\":\"ReadAction\",\"target\":[\"https:\/\/www.agres.es\/es\/jornada-de-aprovechamiento-de-la-biomasa-en-agres\/\"]}]},{\"@type\":\"ImageObject\",\"inLanguage\":\"es\",\"@id\":\"https:\/\/www.agres.es\/es\/jornada-de-aprovechamiento-de-la-biomasa-en-agres\/#primaryimage\",\"url\":\"https:\/\/www.agres.es\/wp-content\/uploads\/2017\/05\/Flyer-Biomassa.jpg\",\"contentUrl\":\"https:\/\/www.agres.es\/wp-content\/uploads\/2017\/05\/Flyer-Biomassa.jpg\",\"width\":1134,\"height\":2481},{\"@type\":\"BreadcrumbList\",\"@id\":\"https:\/\/www.agres.es\/es\/jornada-de-aprovechamiento-de-la-biomasa-en-agres\/#breadcrumb\",\"itemListElement\":[{\"@type\":\"ListItem\",\"position\":1,\"name\":\"Inicio\",\"item\":\"https:\/\/www.agres.es\/es\/\"},{\"@type\":\"ListItem\",\"position\":2,\"name\":\"Jornada de aprovechamiento de la biomasa en Agres\"}]},{\"@type\":\"WebSite\",\"@id\":\"https:\/\/www.agres.es\/es\/#website\",\"url\":\"https:\/\/www.agres.es\/es\/\",\"name\":\"Agres\",\"description\":\"Ayuntamiento de la Vila de Agres\",\"potentialAction\":[{\"@type\":\"SearchAction\",\"target\":{\"@type\":\"EntryPoint\",\"urlTemplate\":\"https:\/\/www.agres.es\/es\/?s={search_term_string}\"},\"query-input\":{\"@type\":\"PropertyValueSpecification\",\"valueRequired\":true,\"valueName\":\"search_term_string\"}}],\"inLanguage\":\"es\"},{\"@type\":\"Person\",\"@id\":\"https:\/\/www.agres.es\/es\/#\/schema\/person\/e83bc060ff273aef9a1b3ba5df65f157\",\"name\":\"heroe\"}]}<\/script>\n<!-- \/ Yoast SEO plugin. -->","yoast_head_json":{"title":"Jornada de aprovechamiento de la biomasa en Agres - Agres","robots":{"index":"index","follow":"follow","max-snippet":"max-snippet:-1","max-image-preview":"max-image-preview:large","max-video-preview":"max-video-preview:-1"},"canonical":"https:\/\/www.agres.es\/es\/jornada-de-aprovechamiento-de-la-biomasa-en-agres\/","og_locale":"es_ES","og_type":"article","og_title":"Jornada de aprovechamiento de la biomasa en Agres - Agres","og_description":"Mitos y leyendas sobre la gesti\u00f3n de la Biomasa. Todo lo que quer\u00edas saber y no has preguntado. Tradicionalmente la biomasa ha\u00a0sido un recurso utilizado, aprovechado, por diversas funciones, entre [&hellip;]","og_url":"https:\/\/www.agres.es\/es\/jornada-de-aprovechamiento-de-la-biomasa-en-agres\/","og_site_name":"Agres","article_published_time":"2017-03-14T08:35:17+00:00","article_modified_time":"2021-03-22T09:14:39+00:00","og_image":[{"width":1134,"height":2481,"url":"https:\/\/www.agres.es\/wp-content\/uploads\/2017\/05\/Flyer-Biomassa.jpg","type":"image\/jpeg"}],"author":"heroe","twitter_card":"summary_large_image","twitter_misc":{"Escrito por":"heroe","Tiempo de lectura":"2 minutos"},"schema":{"@context":"https:\/\/schema.org","@graph":[{"@type":"Article","@id":"https:\/\/www.agres.es\/es\/jornada-de-aprovechamiento-de-la-biomasa-en-agres\/#article","isPartOf":{"@id":"https:\/\/www.agres.es\/es\/jornada-de-aprovechamiento-de-la-biomasa-en-agres\/"},"author":{"name":"heroe","@id":"https:\/\/www.agres.es\/es\/#\/schema\/person\/e83bc060ff273aef9a1b3ba5df65f157"},"headline":"Jornada de aprovechamiento de la biomasa en Agres","datePublished":"2017-03-14T08:35:17+00:00","dateModified":"2021-03-22T09:14:39+00:00","mainEntityOfPage":{"@id":"https:\/\/www.agres.es\/es\/jornada-de-aprovechamiento-de-la-biomasa-en-agres\/"},"wordCount":334,"image":{"@id":"https:\/\/www.agres.es\/es\/jornada-de-aprovechamiento-de-la-biomasa-en-agres\/#primaryimage"},"thumbnailUrl":"https:\/\/www.agres.es\/wp-content\/uploads\/2017\/05\/Flyer-Biomassa.jpg","articleSection":["Noticias"],"inLanguage":"es"},{"@type":"WebPage","@id":"https:\/\/www.agres.es\/es\/jornada-de-aprovechamiento-de-la-biomasa-en-agres\/","url":"https:\/\/www.agres.es\/es\/jornada-de-aprovechamiento-de-la-biomasa-en-agres\/","name":"Jornada de aprovechamiento de la biomasa en Agres - Agres","isPartOf":{"@id":"https:\/\/www.agres.es\/es\/#website"},"primaryImageOfPage":{"@id":"https:\/\/www.agres.es\/es\/jornada-de-aprovechamiento-de-la-biomasa-en-agres\/#primaryimage"},"image":{"@id":"https:\/\/www.agres.es\/es\/jornada-de-aprovechamiento-de-la-biomasa-en-agres\/#primaryimage"},"thumbnailUrl":"https:\/\/www.agres.es\/wp-content\/uploads\/2017\/05\/Flyer-Biomassa.jpg","datePublished":"2017-03-14T08:35:17+00:00","dateModified":"2021-03-22T09:14:39+00:00","author":{"@id":"https:\/\/www.agres.es\/es\/#\/schema\/person\/e83bc060ff273aef9a1b3ba5df65f157"},"breadcrumb":{"@id":"https:\/\/www.agres.es\/es\/jornada-de-aprovechamiento-de-la-biomasa-en-agres\/#breadcrumb"},"inLanguage":"es","potentialAction":[{"@type":"ReadAction","target":["https:\/\/www.agres.es\/es\/jornada-de-aprovechamiento-de-la-biomasa-en-agres\/"]}]},{"@type":"ImageObject","inLanguage":"es","@id":"https:\/\/www.agres.es\/es\/jornada-de-aprovechamiento-de-la-biomasa-en-agres\/#primaryimage","url":"https:\/\/www.agres.es\/wp-content\/uploads\/2017\/05\/Flyer-Biomassa.jpg","contentUrl":"https:\/\/www.agres.es\/wp-content\/uploads\/2017\/05\/Flyer-Biomassa.jpg","width":1134,"height":2481},{"@type":"BreadcrumbList","@id":"https:\/\/www.agres.es\/es\/jornada-de-aprovechamiento-de-la-biomasa-en-agres\/#breadcrumb","itemListElement":[{"@type":"ListItem","position":1,"name":"Inicio","item":"https:\/\/www.agres.es\/es\/"},{"@type":"ListItem","position":2,"name":"Jornada de aprovechamiento de la biomasa en Agres"}]},{"@type":"WebSite","@id":"https:\/\/www.agres.es\/es\/#website","url":"https:\/\/www.agres.es\/es\/","name":"Agres","description":"Ayuntamiento de la Vila de Agres","potentialAction":[{"@type":"SearchAction","target":{"@type":"EntryPoint","urlTemplate":"https:\/\/www.agres.es\/es\/?s={search_term_string}"},"query-input":{"@type":"PropertyValueSpecification","valueRequired":true,"valueName":"search_term_string"}}],"inLanguage":"es"},{"@type":"Person","@id":"https:\/\/www.agres.es\/es\/#\/schema\/person\/e83bc060ff273aef9a1b3ba5df65f157","name":"heroe"}]}},"_links":{"self":[{"href":"https:\/\/www.agres.es\/es\/wp-json\/wp\/v2\/posts\/29978","targetHints":{"allow":["GET"]}}],"collection":[{"href":"https:\/\/www.agres.es\/es\/wp-json\/wp\/v2\/posts"}],"about":[{"href":"https:\/\/www.agres.es\/es\/wp-json\/wp\/v2\/types\/post"}],"author":[{"embeddable":true,"href":"https:\/\/www.agres.es\/es\/wp-json\/wp\/v2\/users\/1"}],"replies":[{"embeddable":true,"href":"https:\/\/www.agres.es\/es\/wp-json\/wp\/v2\/comments?post=29978"}],"version-history":[{"count":0,"href":"https:\/\/www.agres.es\/es\/wp-json\/wp\/v2\/posts\/29978\/revisions"}],"wp:featuredmedia":[{"embeddable":true,"href":"https:\/\/www.agres.es\/es\/wp-json\/wp\/v2\/media\/29979"}],"wp:attachment":[{"href":"https:\/\/www.agres.es\/es\/wp-json\/wp\/v2\/media?parent=29978"}],"wp:term":[{"taxonomy":"category","embeddable":true,"href":"https:\/\/www.agres.es\/es\/wp-json\/wp\/v2\/categories?post=29978"},{"taxonomy":"post_tag","embeddable":true,"href":"https:\/\/www.agres.es\/es\/wp-json\/wp\/v2\/tags?post=29978"}],"curies":[{"name":"wp","href":"https:\/\/api.w.org\/{rel}","templated":true}]}}