{"id":30094,"date":"2017-03-15T07:21:31","date_gmt":"2017-03-15T06:21:31","guid":{"rendered":"https:\/\/www.agres.es\/?p=30094\/"},"modified":"2021-03-22T10:16:12","modified_gmt":"2021-03-22T09:16:12","slug":"mapa-guia","status":"publish","type":"post","link":"https:\/\/www.agres.es\/es\/mapa-guia\/","title":{"rendered":"La diputaci\u00f3n de Alicante edita el primer mapa-gu\u00eda para senderistas sobre la ruta de los neveros de Mariola"},"content":{"rendered":"<div class=\"et_pb_text et_pb_module et_pb_bg_layout_light et_pb_text_align_left  et_pb_text_0\">\n<div class=\"et_pb_text_inner\">\n<h5>La publicaci\u00f3n ve la luz cuando se cumple un a\u00f1o de la apertura al p\u00fablico de la Cava Gran de Agres tras su restauraci\u00f3n y musealizaci\u00f3n.<\/h5>\n<\/div>\n<\/div>\n<div class=\"et_pb_text et_pb_module et_pb_bg_layout_light et_pb_text_align_left  et_pb_text_1\">\n<div class=\"et_pb_text_inner\">\n<p>Jaume Lloret explica que el objetivo es fomentar el conocimiento del patrimonio cultural de las cavas de la provincia y recuperar la memoria de la industria del hielo procedente del almacenamiento de nieve<\/p>\n<p>El recorrido forma un anillo, con salida y llegada en Agres, de nueve kil\u00f3metros, aproximadamente, que recorre varios pozos y ventisqueros de la zona, seg\u00fan detalla Javier Sendra<\/p>\n<p>La\u00a0<strong>Diputaci\u00f3n de Alicante<\/strong>\u00a0ha editado el primer\u00a0<strong>mapa-gu\u00eda de la ruta de las cavas por la Sierra Mariola<\/strong>\u00a0dirigido a senderistas. La publicaci\u00f3n ve la luz cuando se cumple exactamente un a\u00f1o de la apertura al p\u00fablico de la\u00a0<strong>Cava Gran de Agres<\/strong>\u00a0tras su restauraci\u00f3n y musealizaci\u00f3n.<\/p>\n<p><strong>Jaume Lloret<\/strong>, al frente del \u00e1rea de Arquitectura desde la que se ha coordinado el proyecto, ha asistido esta ma\u00f1ana a la presentaci\u00f3n de la gu\u00eda, junto al diputado de Medio Ambiente,\u00a0<strong>Javier Sendra<\/strong>, el alcalde de Agres,\u00a0<strong>Josep Manel Franc\u00e9s<\/strong>, el director t\u00e9cnico del MARQ,\u00a0<strong>Manuel Olcina<\/strong>, el director gerente del museo,\u00a0<strong>Jos\u00e9 Alberto Cort\u00e9s<\/strong>, y el responsable del \u00e1rea de Arquitectura de la Diputaci\u00f3n,\u00a0<strong>Rafael P\u00e9rez<\/strong>.<\/p>\n<p><em>\u00a0<\/em>\u201c<u>Esta iniciativa se inscribe dentro del objetivo del Gobierno Provincial de generar espacios de atractivo tur\u00edstico en los peque\u00f1os municipios de interior y poner en valor la riqueza natural y patrimonial de estas localidades como complemento al sol y playa de la Costa Blanca<\/u>\u201d, ha explicado Lloret.<\/p>\n<p>Ambos diputados han insistido en la necesidad de dinamizar el turismo de interior y, en este sentido, el responsable provincial de Arquitectura ha manifestado que \u201cl<u>a finalidad es promover la visita a este enclave natural, recientemente recuperado, fomentar el conocimiento del patrimonio cultural que suponen los neveros de la provincia de Alicante y recuperar as\u00ed la memoria de la industria del hielo procedente del almacenamiento de nieve que tuvo su etapa de mayor apogeo entre los siglos XVII y XIX<\/u>\u201d.<\/p>\n<p>A su misma vez el alcalde de Agres ha declarado\u00a0<u>\u201cque mejor forma de conmemorar el primer aniversario de la restauraci\u00f3n, que presentar esta ruta. Esperamos que el \u00e1rea de Medio Ambiente haga la se\u00f1alizaci\u00f3n lo antes posible para poder darle la m\u00e1xima difusi\u00f3n a la Ruta, de claro inter\u00e9s senderista, pero tambi\u00e9n patrimonial, hist\u00f3rico y ambiental. Aprovechamos tambi\u00e9n el primer aniversario para lanzar nuevamente las Rutas Guiadas con Transporte a la Cava Gran, que est\u00e1n teniendo una aceptaci\u00f3n muy grande.<\/u><\/p>\n<p><u>Calculamos que, en este primer a\u00f1o de la Cava Gran restaurada, pueden haberla visitado m\u00e1s de 20.000 personas, lo que la consolida como un recurso tur\u00edstico de primer nivel tanto para nuestro municipio de Agres como tambi\u00e9n para toda la Sierra Mariola. No hace falta recordar el icono que representa la Cava Gran alrededor de nuestras comarcas i como cualquier ciudadano, sea de d\u00f3nde sea, la reconoce c\u00f3mo propia\u201d.<\/u><\/p>\n<p>El alcalde ha aprovechado tambi\u00e9n su intervenci\u00f3n para agradecer muy sinceramente a las \u00e1reas de Diputaci\u00f3n que han estado en este proyecto y muy especialmente a los t\u00e9cnicos que han mostrado una gran sensibilidad i respeto al patrimonio tal y como se lo conoce.<\/p>\n<p>El mapa-gu\u00eda recoge una\u00a0<strong>ruta de senderismo de unos nueve kil\u00f3metros<\/strong>\u00a0en anillo, con partida y llegada en el n\u00facleo urbano de Agres. El recorrido lleva hasta la Cava Gran y desde all\u00ed parte hacia otros neveros y ventisqueros de la zona como el\u00a0<strong>Clot de la Vila<\/strong>, la\u00a0<strong>Cava d\u2019en Miquel, la Cava de Joan Despuig<\/strong>\u00a0o la\u00a0<strong>Gran Cava de X\u00e0tiva.<\/strong>\u00a0Sendra ha hecho especial hincapi\u00e9 en la colaboraci\u00f3n de las distintas \u00e1reas de la Diputaci\u00f3n para sacar adelante el proyecto y ha matizado que \u201c<u>se ha trazado un itinerario de dificultad baja, buscando la sinergia con la faceta cultural y visitando el mayor n\u00famero de neveros posibles. Adem\u00e1s, todo el recorrido ser\u00e1 debidamente se\u00f1alizado para facilitar el camino sin equivocaci\u00f3n posible\u201d.<\/u><\/p>\n<p>La publicaci\u00f3n est\u00e1 dise\u00f1ada en\u00a0<strong>formato DIN A3<\/strong>\u00a0a dos caras, con la peculiaridad de que, una vez plegado, adquiere el formato DIN A6. En su anverso contiene informaci\u00f3n acerca de la Cava Gran de Agres, as\u00ed como una explicaci\u00f3n sobre el\u00a0<strong>proceso de la recogida de nieve<\/strong>. El reverso muestra el mapa con los\u00a0<strong>itinerarios y recorridos<\/strong>\u00a0existentes e im\u00e1genes de algunos de los neveros.<\/p>\n<\/div>\n<\/div>\n","protected":false},"excerpt":{"rendered":"<p>La publicaci\u00f3n ve la luz cuando se cumple un a\u00f1o de la apertura al p\u00fablico de la Cava Gran de Agres tras su restauraci\u00f3n y musealizaci\u00f3n. Jaume Lloret explica que [&hellip;]<\/p>\n","protected":false},"author":1,"featured_media":0,"comment_status":"closed","ping_status":"open","sticky":false,"template":"","format":"standard","meta":{"_et_pb_use_builder":"off","_et_pb_old_content":"","_et_gb_content_width":"","footnotes":""},"categories":[164,172],"tags":[],"class_list":["post-30094","post","type-post","status-publish","format-standard","hentry","category-noticias-es","category-noticias-turismo"],"yoast_head":"<!-- This site is optimized with the Yoast SEO plugin v26.9 - https:\/\/yoast.com\/product\/yoast-seo-wordpress\/ -->\n<title>La diputaci\u00f3n de Alicante edita el primer mapa-gu\u00eda para senderistas sobre la ruta de los neveros de Mariola - Agres<\/title>\n<meta name=\"robots\" content=\"index, follow, max-snippet:-1, max-image-preview:large, max-video-preview:-1\" \/>\n<link rel=\"canonical\" href=\"https:\/\/www.agres.es\/es\/mapa-guia\/\" \/>\n<meta property=\"og:locale\" content=\"es_ES\" \/>\n<meta property=\"og:type\" content=\"article\" \/>\n<meta property=\"og:title\" content=\"La diputaci\u00f3n de Alicante edita el primer mapa-gu\u00eda para senderistas sobre la ruta de los neveros de Mariola - Agres\" \/>\n<meta property=\"og:description\" content=\"La publicaci\u00f3n ve la luz cuando se cumple un a\u00f1o de la apertura al p\u00fablico de la Cava Gran de Agres tras su restauraci\u00f3n y musealizaci\u00f3n. Jaume Lloret explica que [&hellip;]\" \/>\n<meta property=\"og:url\" content=\"https:\/\/www.agres.es\/es\/mapa-guia\/\" \/>\n<meta property=\"og:site_name\" content=\"Agres\" \/>\n<meta property=\"article:published_time\" content=\"2017-03-15T06:21:31+00:00\" \/>\n<meta property=\"article:modified_time\" content=\"2021-03-22T09:16:12+00:00\" \/>\n<meta name=\"author\" content=\"heroe\" \/>\n<meta name=\"twitter:card\" content=\"summary_large_image\" \/>\n<meta name=\"twitter:label1\" content=\"Escrito por\" \/>\n\t<meta name=\"twitter:data1\" content=\"heroe\" \/>\n\t<meta name=\"twitter:label2\" content=\"Tiempo de lectura\" \/>\n\t<meta name=\"twitter:data2\" content=\"4 minutos\" \/>\n<script type=\"application\/ld+json\" class=\"yoast-schema-graph\">{\"@context\":\"https:\/\/schema.org\",\"@graph\":[{\"@type\":\"Article\",\"@id\":\"https:\/\/www.agres.es\/es\/mapa-guia\/#article\",\"isPartOf\":{\"@id\":\"https:\/\/www.agres.es\/es\/mapa-guia\/\"},\"author\":{\"name\":\"heroe\",\"@id\":\"https:\/\/www.agres.es\/es\/#\/schema\/person\/e83bc060ff273aef9a1b3ba5df65f157\"},\"headline\":\"La diputaci\u00f3n de Alicante edita el primer mapa-gu\u00eda para senderistas sobre la ruta de los neveros de Mariola\",\"datePublished\":\"2017-03-15T06:21:31+00:00\",\"dateModified\":\"2021-03-22T09:16:12+00:00\",\"mainEntityOfPage\":{\"@id\":\"https:\/\/www.agres.es\/es\/mapa-guia\/\"},\"wordCount\":795,\"articleSection\":[\"Noticias\",\"Noticias turismo\"],\"inLanguage\":\"es\"},{\"@type\":\"WebPage\",\"@id\":\"https:\/\/www.agres.es\/es\/mapa-guia\/\",\"url\":\"https:\/\/www.agres.es\/es\/mapa-guia\/\",\"name\":\"La diputaci\u00f3n de Alicante edita el primer mapa-gu\u00eda para senderistas sobre la ruta de los neveros de Mariola - Agres\",\"isPartOf\":{\"@id\":\"https:\/\/www.agres.es\/es\/#website\"},\"datePublished\":\"2017-03-15T06:21:31+00:00\",\"dateModified\":\"2021-03-22T09:16:12+00:00\",\"author\":{\"@id\":\"https:\/\/www.agres.es\/es\/#\/schema\/person\/e83bc060ff273aef9a1b3ba5df65f157\"},\"breadcrumb\":{\"@id\":\"https:\/\/www.agres.es\/es\/mapa-guia\/#breadcrumb\"},\"inLanguage\":\"es\",\"potentialAction\":[{\"@type\":\"ReadAction\",\"target\":[\"https:\/\/www.agres.es\/es\/mapa-guia\/\"]}]},{\"@type\":\"BreadcrumbList\",\"@id\":\"https:\/\/www.agres.es\/es\/mapa-guia\/#breadcrumb\",\"itemListElement\":[{\"@type\":\"ListItem\",\"position\":1,\"name\":\"Inicio\",\"item\":\"https:\/\/www.agres.es\/es\/\"},{\"@type\":\"ListItem\",\"position\":2,\"name\":\"La diputaci\u00f3n de Alicante edita el primer mapa-gu\u00eda para senderistas sobre la ruta de los neveros de Mariola\"}]},{\"@type\":\"WebSite\",\"@id\":\"https:\/\/www.agres.es\/es\/#website\",\"url\":\"https:\/\/www.agres.es\/es\/\",\"name\":\"Agres\",\"description\":\"Ayuntamiento de la Vila de Agres\",\"potentialAction\":[{\"@type\":\"SearchAction\",\"target\":{\"@type\":\"EntryPoint\",\"urlTemplate\":\"https:\/\/www.agres.es\/es\/?s={search_term_string}\"},\"query-input\":{\"@type\":\"PropertyValueSpecification\",\"valueRequired\":true,\"valueName\":\"search_term_string\"}}],\"inLanguage\":\"es\"},{\"@type\":\"Person\",\"@id\":\"https:\/\/www.agres.es\/es\/#\/schema\/person\/e83bc060ff273aef9a1b3ba5df65f157\",\"name\":\"heroe\"}]}<\/script>\n<!-- \/ Yoast SEO plugin. -->","yoast_head_json":{"title":"La diputaci\u00f3n de Alicante edita el primer mapa-gu\u00eda para senderistas sobre la ruta de los neveros de Mariola - Agres","robots":{"index":"index","follow":"follow","max-snippet":"max-snippet:-1","max-image-preview":"max-image-preview:large","max-video-preview":"max-video-preview:-1"},"canonical":"https:\/\/www.agres.es\/es\/mapa-guia\/","og_locale":"es_ES","og_type":"article","og_title":"La diputaci\u00f3n de Alicante edita el primer mapa-gu\u00eda para senderistas sobre la ruta de los neveros de Mariola - Agres","og_description":"La publicaci\u00f3n ve la luz cuando se cumple un a\u00f1o de la apertura al p\u00fablico de la Cava Gran de Agres tras su restauraci\u00f3n y musealizaci\u00f3n. Jaume Lloret explica que [&hellip;]","og_url":"https:\/\/www.agres.es\/es\/mapa-guia\/","og_site_name":"Agres","article_published_time":"2017-03-15T06:21:31+00:00","article_modified_time":"2021-03-22T09:16:12+00:00","author":"heroe","twitter_card":"summary_large_image","twitter_misc":{"Escrito por":"heroe","Tiempo de lectura":"4 minutos"},"schema":{"@context":"https:\/\/schema.org","@graph":[{"@type":"Article","@id":"https:\/\/www.agres.es\/es\/mapa-guia\/#article","isPartOf":{"@id":"https:\/\/www.agres.es\/es\/mapa-guia\/"},"author":{"name":"heroe","@id":"https:\/\/www.agres.es\/es\/#\/schema\/person\/e83bc060ff273aef9a1b3ba5df65f157"},"headline":"La diputaci\u00f3n de Alicante edita el primer mapa-gu\u00eda para senderistas sobre la ruta de los neveros de Mariola","datePublished":"2017-03-15T06:21:31+00:00","dateModified":"2021-03-22T09:16:12+00:00","mainEntityOfPage":{"@id":"https:\/\/www.agres.es\/es\/mapa-guia\/"},"wordCount":795,"articleSection":["Noticias","Noticias turismo"],"inLanguage":"es"},{"@type":"WebPage","@id":"https:\/\/www.agres.es\/es\/mapa-guia\/","url":"https:\/\/www.agres.es\/es\/mapa-guia\/","name":"La diputaci\u00f3n de Alicante edita el primer mapa-gu\u00eda para senderistas sobre la ruta de los neveros de Mariola - Agres","isPartOf":{"@id":"https:\/\/www.agres.es\/es\/#website"},"datePublished":"2017-03-15T06:21:31+00:00","dateModified":"2021-03-22T09:16:12+00:00","author":{"@id":"https:\/\/www.agres.es\/es\/#\/schema\/person\/e83bc060ff273aef9a1b3ba5df65f157"},"breadcrumb":{"@id":"https:\/\/www.agres.es\/es\/mapa-guia\/#breadcrumb"},"inLanguage":"es","potentialAction":[{"@type":"ReadAction","target":["https:\/\/www.agres.es\/es\/mapa-guia\/"]}]},{"@type":"BreadcrumbList","@id":"https:\/\/www.agres.es\/es\/mapa-guia\/#breadcrumb","itemListElement":[{"@type":"ListItem","position":1,"name":"Inicio","item":"https:\/\/www.agres.es\/es\/"},{"@type":"ListItem","position":2,"name":"La diputaci\u00f3n de Alicante edita el primer mapa-gu\u00eda para senderistas sobre la ruta de los neveros de Mariola"}]},{"@type":"WebSite","@id":"https:\/\/www.agres.es\/es\/#website","url":"https:\/\/www.agres.es\/es\/","name":"Agres","description":"Ayuntamiento de la Vila de Agres","potentialAction":[{"@type":"SearchAction","target":{"@type":"EntryPoint","urlTemplate":"https:\/\/www.agres.es\/es\/?s={search_term_string}"},"query-input":{"@type":"PropertyValueSpecification","valueRequired":true,"valueName":"search_term_string"}}],"inLanguage":"es"},{"@type":"Person","@id":"https:\/\/www.agres.es\/es\/#\/schema\/person\/e83bc060ff273aef9a1b3ba5df65f157","name":"heroe"}]}},"_links":{"self":[{"href":"https:\/\/www.agres.es\/es\/wp-json\/wp\/v2\/posts\/30094","targetHints":{"allow":["GET"]}}],"collection":[{"href":"https:\/\/www.agres.es\/es\/wp-json\/wp\/v2\/posts"}],"about":[{"href":"https:\/\/www.agres.es\/es\/wp-json\/wp\/v2\/types\/post"}],"author":[{"embeddable":true,"href":"https:\/\/www.agres.es\/es\/wp-json\/wp\/v2\/users\/1"}],"replies":[{"embeddable":true,"href":"https:\/\/www.agres.es\/es\/wp-json\/wp\/v2\/comments?post=30094"}],"version-history":[{"count":0,"href":"https:\/\/www.agres.es\/es\/wp-json\/wp\/v2\/posts\/30094\/revisions"}],"wp:attachment":[{"href":"https:\/\/www.agres.es\/es\/wp-json\/wp\/v2\/media?parent=30094"}],"wp:term":[{"taxonomy":"category","embeddable":true,"href":"https:\/\/www.agres.es\/es\/wp-json\/wp\/v2\/categories?post=30094"},{"taxonomy":"post_tag","embeddable":true,"href":"https:\/\/www.agres.es\/es\/wp-json\/wp\/v2\/tags?post=30094"}],"curies":[{"name":"wp","href":"https:\/\/api.w.org\/{rel}","templated":true}]}}