{"id":30137,"date":"2017-04-27T08:22:11","date_gmt":"2017-04-27T06:22:11","guid":{"rendered":"https:\/\/www.agres.es\/?p=30137\/"},"modified":"2021-03-22T10:15:52","modified_gmt":"2021-03-22T09:15:52","slug":"10o-aniversario","status":"publish","type":"post","link":"https:\/\/www.agres.es\/es\/10o-aniversario\/","title":{"rendered":"10\u00ba Aniversario de la tourist Info de Agres"},"content":{"rendered":"<p><b><strong>Agres celebra el 10\u00ba aniversario de su Tourist Info. Es el municipio de menos\u00a0poblaci\u00f3n con Oficina Tourist Info.<\/strong><\/b><\/p>\n<p class=\"western\">El pasado 26 de abril, Agres recibi\u00f3 una representaci\u00f3n de los Informadores Tur\u00edsticos, procedentes de toda la Comunidad Valenciana, con motivo de conmemorar el d\u00e9cimo Aniversario de su incorporaci\u00f3n a la Red Tourist Info. En esta Jornada Informativa los participantes pudieron vivir de primera mano las actividades y recursos tur\u00edsticos que se ofrecen en el municipio, as\u00ed como degustar los productos t\u00edpicos de su gastronom\u00eda. Esta iniciativa impulsada por la Concejal\u00eda de Turismo, se enmarca dentro de los actos de la celebraci\u00f3n y tiene como objetivo principal el dar a conocer Agres a los t\u00e9cnicos tur\u00edsticos que informan a los visitantes en cada uno de sus lugares de procedencia.<\/p>\n<p class=\"western\">La jornada se inici\u00f3 con una recepci\u00f3n en el Ayuntamiento por parte de su Alcalde, concejal y t\u00e9cnicos, siguiendo con la visita a la Cava Gran. Continuaron dando un paseo por todo el casco urbano del Municipio, conociendo el Convento-Santuario, la ruta de las fuentes y la ruta \u201cdels taulellets\u201d. El final de la jornada fue una cata de productos gastron\u00f3micos aut\u00f3ctonos del municipio.<\/p>\n<p class=\"western\">La valoraci\u00f3n por parte de los t\u00e9cnicos fue muy positiva, destacando la mayor\u00eda \u00abel gran n\u00famero de recursos y lo bien cuidados y adecuados que est\u00e1n\u00bb. Tanto \u00c1ngel Murcia, coordinador de red Tourist Info de la provincia de Alicante, como el alcalde Jos\u00e9 Manuel Franc\u00e9s, mostraron su satisfacci\u00f3n por la gran acogida del \u00abFam-Trip\u201d y desean que el turismo de Agres sea el principal beneficiado de esa colaboraci\u00f3n.<\/p>\n<p class=\"western\">Asimismo el alcalde, que tuvo un recuerdo para la Corporaci\u00f3n que impuls\u00f3 la creaci\u00f3n de la Oficina Tourist Info en un municipio tan peque\u00f1o en 2007, agradec\u00eda la gran predisposici\u00f3n por parte de la Red Tourist Info en la organizaci\u00f3n de esta actividad y animaba a los presentes a hacer difusi\u00f3n de lo experimentado en Agres en sus lugares de procedencia.<\/p>\n<p style=\"text-align: center;\"><a href=\"https:\/\/www.agres.es\/wp-content\/uploads\/2017\/05\/C-VhvUyW0AAy9l1.jpg\"><img decoding=\"async\" class=\"alignnone wp-image-30127 size-medium\" src=\"https:\/\/www.agres.es\/wp-content\/uploads\/2017\/05\/C-VhvUyW0AAy9l1-300x225.jpg\" alt=\"\" width=\"300\" height=\"225\" srcset=\"https:\/\/www.agres.es\/wp-content\/uploads\/2017\/05\/C-VhvUyW0AAy9l1-300x225.jpg 300w, https:\/\/www.agres.es\/wp-content\/uploads\/2017\/05\/C-VhvUyW0AAy9l1-768x576.jpg 768w, https:\/\/www.agres.es\/wp-content\/uploads\/2017\/05\/C-VhvUyW0AAy9l1-1024x768.jpg 1024w, https:\/\/www.agres.es\/wp-content\/uploads\/2017\/05\/C-VhvUyW0AAy9l1-510x382.jpg 510w, https:\/\/www.agres.es\/wp-content\/uploads\/2017\/05\/C-VhvUyW0AAy9l1-1080x810.jpg 1080w, https:\/\/www.agres.es\/wp-content\/uploads\/2017\/05\/C-VhvUyW0AAy9l1.jpg 1200w\" sizes=\"(max-width: 300px) 100vw, 300px\" \/><\/a> <a href=\"https:\/\/www.agres.es\/wp-content\/uploads\/2017\/05\/C-VhvUxW0AALl1W.jpg\"><img decoding=\"async\" class=\"alignnone size-medium wp-image-30130\" src=\"https:\/\/www.agres.es\/wp-content\/uploads\/2017\/05\/C-VhvUxW0AALl1W-300x225.jpg\" alt=\"\" width=\"300\" height=\"225\" srcset=\"https:\/\/www.agres.es\/wp-content\/uploads\/2017\/05\/C-VhvUxW0AALl1W-300x225.jpg 300w, https:\/\/www.agres.es\/wp-content\/uploads\/2017\/05\/C-VhvUxW0AALl1W-768x576.jpg 768w, https:\/\/www.agres.es\/wp-content\/uploads\/2017\/05\/C-VhvUxW0AALl1W-1024x768.jpg 1024w, https:\/\/www.agres.es\/wp-content\/uploads\/2017\/05\/C-VhvUxW0AALl1W-510x382.jpg 510w, https:\/\/www.agres.es\/wp-content\/uploads\/2017\/05\/C-VhvUxW0AALl1W-1080x810.jpg 1080w, https:\/\/www.agres.es\/wp-content\/uploads\/2017\/05\/C-VhvUxW0AALl1W.jpg 1200w\" sizes=\"(max-width: 300px) 100vw, 300px\" \/><\/a><\/p>\n","protected":false},"excerpt":{"rendered":"<p>Agres celebra el 10\u00ba aniversario de su Tourist Info. Es el municipio de menos\u00a0poblaci\u00f3n con Oficina Tourist Info. El pasado 26 de abril, Agres recibi\u00f3 una representaci\u00f3n de los Informadores [&hellip;]<\/p>\n","protected":false},"author":1,"featured_media":30040,"comment_status":"closed","ping_status":"open","sticky":false,"template":"","format":"standard","meta":{"_et_pb_use_builder":"off","_et_pb_old_content":"","_et_gb_content_width":"","footnotes":""},"categories":[164,172],"tags":[],"class_list":["post-30137","post","type-post","status-publish","format-standard","has-post-thumbnail","hentry","category-noticias-es","category-noticias-turismo"],"yoast_head":"<!-- This site is optimized with the Yoast SEO plugin v26.9 - https:\/\/yoast.com\/product\/yoast-seo-wordpress\/ -->\n<title>10\u00ba Aniversario de la tourist Info de Agres - Agres<\/title>\n<meta name=\"robots\" content=\"index, follow, max-snippet:-1, max-image-preview:large, max-video-preview:-1\" \/>\n<link rel=\"canonical\" href=\"https:\/\/www.agres.es\/es\/10o-aniversario\/\" \/>\n<meta property=\"og:locale\" content=\"es_ES\" \/>\n<meta property=\"og:type\" content=\"article\" \/>\n<meta property=\"og:title\" content=\"10\u00ba Aniversario de la tourist Info de Agres - Agres\" \/>\n<meta property=\"og:description\" content=\"Agres celebra el 10\u00ba aniversario de su Tourist Info. Es el municipio de menos\u00a0poblaci\u00f3n con Oficina Tourist Info. El pasado 26 de abril, Agres recibi\u00f3 una representaci\u00f3n de los Informadores [&hellip;]\" \/>\n<meta property=\"og:url\" content=\"https:\/\/www.agres.es\/es\/10o-aniversario\/\" \/>\n<meta property=\"og:site_name\" content=\"Agres\" \/>\n<meta property=\"article:published_time\" content=\"2017-04-27T06:22:11+00:00\" \/>\n<meta property=\"article:modified_time\" content=\"2021-03-22T09:15:52+00:00\" \/>\n<meta property=\"og:image\" content=\"https:\/\/www.agres.es\/wp-content\/uploads\/2017\/05\/touristinfo.jpg\" \/>\n\t<meta property=\"og:image:width\" content=\"234\" \/>\n\t<meta property=\"og:image:height\" content=\"200\" \/>\n\t<meta property=\"og:image:type\" content=\"image\/jpeg\" \/>\n<meta name=\"author\" content=\"heroe\" \/>\n<meta name=\"twitter:card\" content=\"summary_large_image\" \/>\n<meta name=\"twitter:label1\" content=\"Escrito por\" \/>\n\t<meta name=\"twitter:data1\" content=\"heroe\" \/>\n\t<meta name=\"twitter:label2\" content=\"Tiempo de lectura\" \/>\n\t<meta name=\"twitter:data2\" content=\"2 minutos\" \/>\n<script type=\"application\/ld+json\" class=\"yoast-schema-graph\">{\"@context\":\"https:\/\/schema.org\",\"@graph\":[{\"@type\":\"Article\",\"@id\":\"https:\/\/www.agres.es\/es\/10o-aniversario\/#article\",\"isPartOf\":{\"@id\":\"https:\/\/www.agres.es\/es\/10o-aniversario\/\"},\"author\":{\"name\":\"heroe\",\"@id\":\"https:\/\/www.agres.es\/es\/#\/schema\/person\/e83bc060ff273aef9a1b3ba5df65f157\"},\"headline\":\"10\u00ba Aniversario de la tourist Info de Agres\",\"datePublished\":\"2017-04-27T06:22:11+00:00\",\"dateModified\":\"2021-03-22T09:15:52+00:00\",\"mainEntityOfPage\":{\"@id\":\"https:\/\/www.agres.es\/es\/10o-aniversario\/\"},\"wordCount\":356,\"image\":{\"@id\":\"https:\/\/www.agres.es\/es\/10o-aniversario\/#primaryimage\"},\"thumbnailUrl\":\"https:\/\/www.agres.es\/wp-content\/uploads\/2017\/05\/touristinfo.jpg\",\"articleSection\":[\"Noticias\",\"Noticias turismo\"],\"inLanguage\":\"es\"},{\"@type\":\"WebPage\",\"@id\":\"https:\/\/www.agres.es\/es\/10o-aniversario\/\",\"url\":\"https:\/\/www.agres.es\/es\/10o-aniversario\/\",\"name\":\"10\u00ba Aniversario de la tourist Info de Agres - Agres\",\"isPartOf\":{\"@id\":\"https:\/\/www.agres.es\/es\/#website\"},\"primaryImageOfPage\":{\"@id\":\"https:\/\/www.agres.es\/es\/10o-aniversario\/#primaryimage\"},\"image\":{\"@id\":\"https:\/\/www.agres.es\/es\/10o-aniversario\/#primaryimage\"},\"thumbnailUrl\":\"https:\/\/www.agres.es\/wp-content\/uploads\/2017\/05\/touristinfo.jpg\",\"datePublished\":\"2017-04-27T06:22:11+00:00\",\"dateModified\":\"2021-03-22T09:15:52+00:00\",\"author\":{\"@id\":\"https:\/\/www.agres.es\/es\/#\/schema\/person\/e83bc060ff273aef9a1b3ba5df65f157\"},\"breadcrumb\":{\"@id\":\"https:\/\/www.agres.es\/es\/10o-aniversario\/#breadcrumb\"},\"inLanguage\":\"es\",\"potentialAction\":[{\"@type\":\"ReadAction\",\"target\":[\"https:\/\/www.agres.es\/es\/10o-aniversario\/\"]}]},{\"@type\":\"ImageObject\",\"inLanguage\":\"es\",\"@id\":\"https:\/\/www.agres.es\/es\/10o-aniversario\/#primaryimage\",\"url\":\"https:\/\/www.agres.es\/wp-content\/uploads\/2017\/05\/touristinfo.jpg\",\"contentUrl\":\"https:\/\/www.agres.es\/wp-content\/uploads\/2017\/05\/touristinfo.jpg\",\"width\":234,\"height\":200},{\"@type\":\"BreadcrumbList\",\"@id\":\"https:\/\/www.agres.es\/es\/10o-aniversario\/#breadcrumb\",\"itemListElement\":[{\"@type\":\"ListItem\",\"position\":1,\"name\":\"Inicio\",\"item\":\"https:\/\/www.agres.es\/es\/\"},{\"@type\":\"ListItem\",\"position\":2,\"name\":\"10\u00ba Aniversario de la tourist Info de Agres\"}]},{\"@type\":\"WebSite\",\"@id\":\"https:\/\/www.agres.es\/es\/#website\",\"url\":\"https:\/\/www.agres.es\/es\/\",\"name\":\"Agres\",\"description\":\"Ayuntamiento de la Vila de Agres\",\"potentialAction\":[{\"@type\":\"SearchAction\",\"target\":{\"@type\":\"EntryPoint\",\"urlTemplate\":\"https:\/\/www.agres.es\/es\/?s={search_term_string}\"},\"query-input\":{\"@type\":\"PropertyValueSpecification\",\"valueRequired\":true,\"valueName\":\"search_term_string\"}}],\"inLanguage\":\"es\"},{\"@type\":\"Person\",\"@id\":\"https:\/\/www.agres.es\/es\/#\/schema\/person\/e83bc060ff273aef9a1b3ba5df65f157\",\"name\":\"heroe\"}]}<\/script>\n<!-- \/ Yoast SEO plugin. -->","yoast_head_json":{"title":"10\u00ba Aniversario de la tourist Info de Agres - Agres","robots":{"index":"index","follow":"follow","max-snippet":"max-snippet:-1","max-image-preview":"max-image-preview:large","max-video-preview":"max-video-preview:-1"},"canonical":"https:\/\/www.agres.es\/es\/10o-aniversario\/","og_locale":"es_ES","og_type":"article","og_title":"10\u00ba Aniversario de la tourist Info de Agres - Agres","og_description":"Agres celebra el 10\u00ba aniversario de su Tourist Info. Es el municipio de menos\u00a0poblaci\u00f3n con Oficina Tourist Info. El pasado 26 de abril, Agres recibi\u00f3 una representaci\u00f3n de los Informadores [&hellip;]","og_url":"https:\/\/www.agres.es\/es\/10o-aniversario\/","og_site_name":"Agres","article_published_time":"2017-04-27T06:22:11+00:00","article_modified_time":"2021-03-22T09:15:52+00:00","og_image":[{"width":234,"height":200,"url":"https:\/\/www.agres.es\/wp-content\/uploads\/2017\/05\/touristinfo.jpg","type":"image\/jpeg"}],"author":"heroe","twitter_card":"summary_large_image","twitter_misc":{"Escrito por":"heroe","Tiempo de lectura":"2 minutos"},"schema":{"@context":"https:\/\/schema.org","@graph":[{"@type":"Article","@id":"https:\/\/www.agres.es\/es\/10o-aniversario\/#article","isPartOf":{"@id":"https:\/\/www.agres.es\/es\/10o-aniversario\/"},"author":{"name":"heroe","@id":"https:\/\/www.agres.es\/es\/#\/schema\/person\/e83bc060ff273aef9a1b3ba5df65f157"},"headline":"10\u00ba Aniversario de la tourist Info de Agres","datePublished":"2017-04-27T06:22:11+00:00","dateModified":"2021-03-22T09:15:52+00:00","mainEntityOfPage":{"@id":"https:\/\/www.agres.es\/es\/10o-aniversario\/"},"wordCount":356,"image":{"@id":"https:\/\/www.agres.es\/es\/10o-aniversario\/#primaryimage"},"thumbnailUrl":"https:\/\/www.agres.es\/wp-content\/uploads\/2017\/05\/touristinfo.jpg","articleSection":["Noticias","Noticias turismo"],"inLanguage":"es"},{"@type":"WebPage","@id":"https:\/\/www.agres.es\/es\/10o-aniversario\/","url":"https:\/\/www.agres.es\/es\/10o-aniversario\/","name":"10\u00ba Aniversario de la tourist Info de Agres - Agres","isPartOf":{"@id":"https:\/\/www.agres.es\/es\/#website"},"primaryImageOfPage":{"@id":"https:\/\/www.agres.es\/es\/10o-aniversario\/#primaryimage"},"image":{"@id":"https:\/\/www.agres.es\/es\/10o-aniversario\/#primaryimage"},"thumbnailUrl":"https:\/\/www.agres.es\/wp-content\/uploads\/2017\/05\/touristinfo.jpg","datePublished":"2017-04-27T06:22:11+00:00","dateModified":"2021-03-22T09:15:52+00:00","author":{"@id":"https:\/\/www.agres.es\/es\/#\/schema\/person\/e83bc060ff273aef9a1b3ba5df65f157"},"breadcrumb":{"@id":"https:\/\/www.agres.es\/es\/10o-aniversario\/#breadcrumb"},"inLanguage":"es","potentialAction":[{"@type":"ReadAction","target":["https:\/\/www.agres.es\/es\/10o-aniversario\/"]}]},{"@type":"ImageObject","inLanguage":"es","@id":"https:\/\/www.agres.es\/es\/10o-aniversario\/#primaryimage","url":"https:\/\/www.agres.es\/wp-content\/uploads\/2017\/05\/touristinfo.jpg","contentUrl":"https:\/\/www.agres.es\/wp-content\/uploads\/2017\/05\/touristinfo.jpg","width":234,"height":200},{"@type":"BreadcrumbList","@id":"https:\/\/www.agres.es\/es\/10o-aniversario\/#breadcrumb","itemListElement":[{"@type":"ListItem","position":1,"name":"Inicio","item":"https:\/\/www.agres.es\/es\/"},{"@type":"ListItem","position":2,"name":"10\u00ba Aniversario de la tourist Info de Agres"}]},{"@type":"WebSite","@id":"https:\/\/www.agres.es\/es\/#website","url":"https:\/\/www.agres.es\/es\/","name":"Agres","description":"Ayuntamiento de la Vila de Agres","potentialAction":[{"@type":"SearchAction","target":{"@type":"EntryPoint","urlTemplate":"https:\/\/www.agres.es\/es\/?s={search_term_string}"},"query-input":{"@type":"PropertyValueSpecification","valueRequired":true,"valueName":"search_term_string"}}],"inLanguage":"es"},{"@type":"Person","@id":"https:\/\/www.agres.es\/es\/#\/schema\/person\/e83bc060ff273aef9a1b3ba5df65f157","name":"heroe"}]}},"_links":{"self":[{"href":"https:\/\/www.agres.es\/es\/wp-json\/wp\/v2\/posts\/30137","targetHints":{"allow":["GET"]}}],"collection":[{"href":"https:\/\/www.agres.es\/es\/wp-json\/wp\/v2\/posts"}],"about":[{"href":"https:\/\/www.agres.es\/es\/wp-json\/wp\/v2\/types\/post"}],"author":[{"embeddable":true,"href":"https:\/\/www.agres.es\/es\/wp-json\/wp\/v2\/users\/1"}],"replies":[{"embeddable":true,"href":"https:\/\/www.agres.es\/es\/wp-json\/wp\/v2\/comments?post=30137"}],"version-history":[{"count":0,"href":"https:\/\/www.agres.es\/es\/wp-json\/wp\/v2\/posts\/30137\/revisions"}],"wp:featuredmedia":[{"embeddable":true,"href":"https:\/\/www.agres.es\/es\/wp-json\/wp\/v2\/media\/30040"}],"wp:attachment":[{"href":"https:\/\/www.agres.es\/es\/wp-json\/wp\/v2\/media?parent=30137"}],"wp:term":[{"taxonomy":"category","embeddable":true,"href":"https:\/\/www.agres.es\/es\/wp-json\/wp\/v2\/categories?post=30137"},{"taxonomy":"post_tag","embeddable":true,"href":"https:\/\/www.agres.es\/es\/wp-json\/wp\/v2\/tags?post=30137"}],"curies":[{"name":"wp","href":"https:\/\/api.w.org\/{rel}","templated":true}]}}