{"id":30153,"date":"2017-03-11T09:45:11","date_gmt":"2017-03-11T08:45:11","guid":{"rendered":"https:\/\/www.agres.es\/?p=30153\/"},"modified":"2021-03-22T10:15:27","modified_gmt":"2021-03-22T09:15:27","slug":"visitas-guiadas","status":"publish","type":"post","link":"https:\/\/www.agres.es\/es\/visitas-guiadas\/","title":{"rendered":"Vuelven a empezar las visitas guiadas con transporte a la Cava Gran"},"content":{"rendered":"<div class=\"et_pb_text et_pb_module et_pb_bg_layout_light et_pb_text_align_left  et_pb_text_0\">\n<div class=\"et_pb_text_inner\">\n<h5>Con motivo de la VI Fira de l\u2019Oli Agres retoma las Visitas Guiadas con Transporte a la Cava Gran.<\/h5>\n<\/div>\n<\/div>\n<div class=\"et_pb_text et_pb_module et_pb_bg_layout_light et_pb_text_align_left  et_pb_text_1\">\n<div class=\"et_pb_text_inner\">\n<p>Con motivo de la VI Fira de l\u2019Oli, el Ayuntamiento de Agres con colaboraci\u00f3n del Parque Natural Serra de Mariola y la Diputaci\u00f3n de Alicante reinicia las visitas guiadas con transporte a la Cava Gran que ya empezaron a realizarse en noviembre del pasado a\u00f1o. Se realizaran los domengos 12 y 26 de marzo, el 9 i 23 de abril y el 6, 7, 21 y 28 de mayo. El objetivo \u00e9s que los ciudadanos conozcan este espacio singular de una manera mas r\u00e1pida y sencilla.<\/p>\n<p>El concejal de turismo, V\u00edctor Antol\u00ed, valora muy positivamente las excursiones que ya se han hecho y espera tener llenas las pr\u00f3ximas que se ofrecen: \u00abEl inicio de la experiencia fue muy positiva, llenando todas las excursiones ofrecidas y con un ciento por ciento de opiniones plenamente satisfactorias de todos los participantes que pudieron acceder a la visita guiada. Esperamos establecer esta experiencia piloto en una oferta estable i continuada que permita disfrutar a todos los interesados de una forma habitual. Siempre se har\u00e1 todo respetando las indicaciones de los responsables del Parque Natural que se preocupan de su sostenibilidad.\u00bb<\/p>\n<p>Las inscripciones se realizaran en la Tourist Info, bien sea per tel\u00e9fono o per correo electr\u00f3nico al menos 1 d\u00eda antes de la visita. Se necesitar\u00e1 un m\u00ednimo de 6 personas y un m\u00e1ximo de 19 i cada una de ellas aportar\u00e1 la cantidad simb\u00f3lica de 5 euros en concepto de reserva de plaza, excepto los ni\u00f1os menores de 12 a\u00f1os, que acceder\u00e1n acompa\u00f1ados por un adulto gratu\u00edtamente.<\/p>\n<\/div>\n<\/div>\n","protected":false},"excerpt":{"rendered":"<p>Con motivo de la VI Fira de l\u2019Oli Agres retoma las Visitas Guiadas con Transporte a la Cava Gran. Con motivo de la VI Fira de l\u2019Oli, el Ayuntamiento de [&hellip;]<\/p>\n","protected":false},"author":1,"featured_media":28998,"comment_status":"closed","ping_status":"open","sticky":false,"template":"","format":"standard","meta":{"_et_pb_use_builder":"off","_et_pb_old_content":"","_et_gb_content_width":"","footnotes":""},"categories":[164,172],"tags":[],"class_list":["post-30153","post","type-post","status-publish","format-standard","has-post-thumbnail","hentry","category-noticias-es","category-noticias-turismo"],"yoast_head":"<!-- This site is optimized with the Yoast SEO plugin v26.9 - https:\/\/yoast.com\/product\/yoast-seo-wordpress\/ -->\n<title>Vuelven a empezar las visitas guiadas con transporte a la Cava Gran - Agres<\/title>\n<meta name=\"robots\" content=\"index, follow, max-snippet:-1, max-image-preview:large, max-video-preview:-1\" \/>\n<link rel=\"canonical\" href=\"https:\/\/www.agres.es\/es\/visitas-guiadas\/\" \/>\n<meta property=\"og:locale\" content=\"es_ES\" \/>\n<meta property=\"og:type\" content=\"article\" \/>\n<meta property=\"og:title\" content=\"Vuelven a empezar las visitas guiadas con transporte a la Cava Gran - Agres\" \/>\n<meta property=\"og:description\" content=\"Con motivo de la VI Fira de l\u2019Oli Agres retoma las Visitas Guiadas con Transporte a la Cava Gran. Con motivo de la VI Fira de l\u2019Oli, el Ayuntamiento de [&hellip;]\" \/>\n<meta property=\"og:url\" content=\"https:\/\/www.agres.es\/es\/visitas-guiadas\/\" \/>\n<meta property=\"og:site_name\" content=\"Agres\" \/>\n<meta property=\"article:published_time\" content=\"2017-03-11T08:45:11+00:00\" \/>\n<meta property=\"article:modified_time\" content=\"2021-03-22T09:15:27+00:00\" \/>\n<meta property=\"og:image\" content=\"https:\/\/www.agres.es\/wp-content\/uploads\/2017\/05\/CavaArquejada.jpg\" \/>\n\t<meta property=\"og:image:width\" content=\"600\" \/>\n\t<meta property=\"og:image:height\" content=\"400\" \/>\n\t<meta property=\"og:image:type\" content=\"image\/jpeg\" \/>\n<meta name=\"author\" content=\"heroe\" \/>\n<meta name=\"twitter:card\" content=\"summary_large_image\" \/>\n<meta name=\"twitter:label1\" content=\"Escrito por\" \/>\n\t<meta name=\"twitter:data1\" content=\"heroe\" \/>\n\t<meta name=\"twitter:label2\" content=\"Tiempo de lectura\" \/>\n\t<meta name=\"twitter:data2\" content=\"1 minuto\" \/>\n<script type=\"application\/ld+json\" class=\"yoast-schema-graph\">{\"@context\":\"https:\/\/schema.org\",\"@graph\":[{\"@type\":\"Article\",\"@id\":\"https:\/\/www.agres.es\/es\/visitas-guiadas\/#article\",\"isPartOf\":{\"@id\":\"https:\/\/www.agres.es\/es\/visitas-guiadas\/\"},\"author\":{\"name\":\"heroe\",\"@id\":\"https:\/\/www.agres.es\/es\/#\/schema\/person\/e83bc060ff273aef9a1b3ba5df65f157\"},\"headline\":\"Vuelven a empezar las visitas guiadas con transporte a la Cava Gran\",\"datePublished\":\"2017-03-11T08:45:11+00:00\",\"dateModified\":\"2021-03-22T09:15:27+00:00\",\"mainEntityOfPage\":{\"@id\":\"https:\/\/www.agres.es\/es\/visitas-guiadas\/\"},\"wordCount\":291,\"image\":{\"@id\":\"https:\/\/www.agres.es\/es\/visitas-guiadas\/#primaryimage\"},\"thumbnailUrl\":\"https:\/\/www.agres.es\/wp-content\/uploads\/2017\/05\/CavaArquejada.jpg\",\"articleSection\":[\"Noticias\",\"Noticias turismo\"],\"inLanguage\":\"es\"},{\"@type\":\"WebPage\",\"@id\":\"https:\/\/www.agres.es\/es\/visitas-guiadas\/\",\"url\":\"https:\/\/www.agres.es\/es\/visitas-guiadas\/\",\"name\":\"Vuelven a empezar las visitas guiadas con transporte a la Cava Gran - Agres\",\"isPartOf\":{\"@id\":\"https:\/\/www.agres.es\/es\/#website\"},\"primaryImageOfPage\":{\"@id\":\"https:\/\/www.agres.es\/es\/visitas-guiadas\/#primaryimage\"},\"image\":{\"@id\":\"https:\/\/www.agres.es\/es\/visitas-guiadas\/#primaryimage\"},\"thumbnailUrl\":\"https:\/\/www.agres.es\/wp-content\/uploads\/2017\/05\/CavaArquejada.jpg\",\"datePublished\":\"2017-03-11T08:45:11+00:00\",\"dateModified\":\"2021-03-22T09:15:27+00:00\",\"author\":{\"@id\":\"https:\/\/www.agres.es\/es\/#\/schema\/person\/e83bc060ff273aef9a1b3ba5df65f157\"},\"breadcrumb\":{\"@id\":\"https:\/\/www.agres.es\/es\/visitas-guiadas\/#breadcrumb\"},\"inLanguage\":\"es\",\"potentialAction\":[{\"@type\":\"ReadAction\",\"target\":[\"https:\/\/www.agres.es\/es\/visitas-guiadas\/\"]}]},{\"@type\":\"ImageObject\",\"inLanguage\":\"es\",\"@id\":\"https:\/\/www.agres.es\/es\/visitas-guiadas\/#primaryimage\",\"url\":\"https:\/\/www.agres.es\/wp-content\/uploads\/2017\/05\/CavaArquejada.jpg\",\"contentUrl\":\"https:\/\/www.agres.es\/wp-content\/uploads\/2017\/05\/CavaArquejada.jpg\",\"width\":600,\"height\":400,\"caption\":\"Cava Arquejada\"},{\"@type\":\"BreadcrumbList\",\"@id\":\"https:\/\/www.agres.es\/es\/visitas-guiadas\/#breadcrumb\",\"itemListElement\":[{\"@type\":\"ListItem\",\"position\":1,\"name\":\"Inicio\",\"item\":\"https:\/\/www.agres.es\/es\/\"},{\"@type\":\"ListItem\",\"position\":2,\"name\":\"Vuelven a empezar las visitas guiadas con transporte a la Cava Gran\"}]},{\"@type\":\"WebSite\",\"@id\":\"https:\/\/www.agres.es\/es\/#website\",\"url\":\"https:\/\/www.agres.es\/es\/\",\"name\":\"Agres\",\"description\":\"Ayuntamiento de la Vila de Agres\",\"potentialAction\":[{\"@type\":\"SearchAction\",\"target\":{\"@type\":\"EntryPoint\",\"urlTemplate\":\"https:\/\/www.agres.es\/es\/?s={search_term_string}\"},\"query-input\":{\"@type\":\"PropertyValueSpecification\",\"valueRequired\":true,\"valueName\":\"search_term_string\"}}],\"inLanguage\":\"es\"},{\"@type\":\"Person\",\"@id\":\"https:\/\/www.agres.es\/es\/#\/schema\/person\/e83bc060ff273aef9a1b3ba5df65f157\",\"name\":\"heroe\"}]}<\/script>\n<!-- \/ Yoast SEO plugin. -->","yoast_head_json":{"title":"Vuelven a empezar las visitas guiadas con transporte a la Cava Gran - Agres","robots":{"index":"index","follow":"follow","max-snippet":"max-snippet:-1","max-image-preview":"max-image-preview:large","max-video-preview":"max-video-preview:-1"},"canonical":"https:\/\/www.agres.es\/es\/visitas-guiadas\/","og_locale":"es_ES","og_type":"article","og_title":"Vuelven a empezar las visitas guiadas con transporte a la Cava Gran - Agres","og_description":"Con motivo de la VI Fira de l\u2019Oli Agres retoma las Visitas Guiadas con Transporte a la Cava Gran. Con motivo de la VI Fira de l\u2019Oli, el Ayuntamiento de [&hellip;]","og_url":"https:\/\/www.agres.es\/es\/visitas-guiadas\/","og_site_name":"Agres","article_published_time":"2017-03-11T08:45:11+00:00","article_modified_time":"2021-03-22T09:15:27+00:00","og_image":[{"width":600,"height":400,"url":"https:\/\/www.agres.es\/wp-content\/uploads\/2017\/05\/CavaArquejada.jpg","type":"image\/jpeg"}],"author":"heroe","twitter_card":"summary_large_image","twitter_misc":{"Escrito por":"heroe","Tiempo de lectura":"1 minuto"},"schema":{"@context":"https:\/\/schema.org","@graph":[{"@type":"Article","@id":"https:\/\/www.agres.es\/es\/visitas-guiadas\/#article","isPartOf":{"@id":"https:\/\/www.agres.es\/es\/visitas-guiadas\/"},"author":{"name":"heroe","@id":"https:\/\/www.agres.es\/es\/#\/schema\/person\/e83bc060ff273aef9a1b3ba5df65f157"},"headline":"Vuelven a empezar las visitas guiadas con transporte a la Cava Gran","datePublished":"2017-03-11T08:45:11+00:00","dateModified":"2021-03-22T09:15:27+00:00","mainEntityOfPage":{"@id":"https:\/\/www.agres.es\/es\/visitas-guiadas\/"},"wordCount":291,"image":{"@id":"https:\/\/www.agres.es\/es\/visitas-guiadas\/#primaryimage"},"thumbnailUrl":"https:\/\/www.agres.es\/wp-content\/uploads\/2017\/05\/CavaArquejada.jpg","articleSection":["Noticias","Noticias turismo"],"inLanguage":"es"},{"@type":"WebPage","@id":"https:\/\/www.agres.es\/es\/visitas-guiadas\/","url":"https:\/\/www.agres.es\/es\/visitas-guiadas\/","name":"Vuelven a empezar las visitas guiadas con transporte a la Cava Gran - Agres","isPartOf":{"@id":"https:\/\/www.agres.es\/es\/#website"},"primaryImageOfPage":{"@id":"https:\/\/www.agres.es\/es\/visitas-guiadas\/#primaryimage"},"image":{"@id":"https:\/\/www.agres.es\/es\/visitas-guiadas\/#primaryimage"},"thumbnailUrl":"https:\/\/www.agres.es\/wp-content\/uploads\/2017\/05\/CavaArquejada.jpg","datePublished":"2017-03-11T08:45:11+00:00","dateModified":"2021-03-22T09:15:27+00:00","author":{"@id":"https:\/\/www.agres.es\/es\/#\/schema\/person\/e83bc060ff273aef9a1b3ba5df65f157"},"breadcrumb":{"@id":"https:\/\/www.agres.es\/es\/visitas-guiadas\/#breadcrumb"},"inLanguage":"es","potentialAction":[{"@type":"ReadAction","target":["https:\/\/www.agres.es\/es\/visitas-guiadas\/"]}]},{"@type":"ImageObject","inLanguage":"es","@id":"https:\/\/www.agres.es\/es\/visitas-guiadas\/#primaryimage","url":"https:\/\/www.agres.es\/wp-content\/uploads\/2017\/05\/CavaArquejada.jpg","contentUrl":"https:\/\/www.agres.es\/wp-content\/uploads\/2017\/05\/CavaArquejada.jpg","width":600,"height":400,"caption":"Cava Arquejada"},{"@type":"BreadcrumbList","@id":"https:\/\/www.agres.es\/es\/visitas-guiadas\/#breadcrumb","itemListElement":[{"@type":"ListItem","position":1,"name":"Inicio","item":"https:\/\/www.agres.es\/es\/"},{"@type":"ListItem","position":2,"name":"Vuelven a empezar las visitas guiadas con transporte a la Cava Gran"}]},{"@type":"WebSite","@id":"https:\/\/www.agres.es\/es\/#website","url":"https:\/\/www.agres.es\/es\/","name":"Agres","description":"Ayuntamiento de la Vila de Agres","potentialAction":[{"@type":"SearchAction","target":{"@type":"EntryPoint","urlTemplate":"https:\/\/www.agres.es\/es\/?s={search_term_string}"},"query-input":{"@type":"PropertyValueSpecification","valueRequired":true,"valueName":"search_term_string"}}],"inLanguage":"es"},{"@type":"Person","@id":"https:\/\/www.agres.es\/es\/#\/schema\/person\/e83bc060ff273aef9a1b3ba5df65f157","name":"heroe"}]}},"_links":{"self":[{"href":"https:\/\/www.agres.es\/es\/wp-json\/wp\/v2\/posts\/30153","targetHints":{"allow":["GET"]}}],"collection":[{"href":"https:\/\/www.agres.es\/es\/wp-json\/wp\/v2\/posts"}],"about":[{"href":"https:\/\/www.agres.es\/es\/wp-json\/wp\/v2\/types\/post"}],"author":[{"embeddable":true,"href":"https:\/\/www.agres.es\/es\/wp-json\/wp\/v2\/users\/1"}],"replies":[{"embeddable":true,"href":"https:\/\/www.agres.es\/es\/wp-json\/wp\/v2\/comments?post=30153"}],"version-history":[{"count":0,"href":"https:\/\/www.agres.es\/es\/wp-json\/wp\/v2\/posts\/30153\/revisions"}],"wp:featuredmedia":[{"embeddable":true,"href":"https:\/\/www.agres.es\/es\/wp-json\/wp\/v2\/media\/28998"}],"wp:attachment":[{"href":"https:\/\/www.agres.es\/es\/wp-json\/wp\/v2\/media?parent=30153"}],"wp:term":[{"taxonomy":"category","embeddable":true,"href":"https:\/\/www.agres.es\/es\/wp-json\/wp\/v2\/categories?post=30153"},{"taxonomy":"post_tag","embeddable":true,"href":"https:\/\/www.agres.es\/es\/wp-json\/wp\/v2\/tags?post=30153"}],"curies":[{"name":"wp","href":"https:\/\/api.w.org\/{rel}","templated":true}]}}