{"id":62220,"date":"2021-03-16T11:22:03","date_gmt":"2021-03-16T10:22:03","guid":{"rendered":"https:\/\/www.agres.es\/bar-cafeteria-la-vilana\/"},"modified":"2021-10-28T08:59:11","modified_gmt":"2021-10-28T06:59:11","slug":"bar-cafeteria-la-vilana","status":"publish","type":"post","link":"https:\/\/www.agres.es\/es\/bar-cafeteria-la-vilana\/","title":{"rendered":"Bar Cafeteria La Vil.lana"},"content":{"rendered":"[et_pb_section fb_built=\u00bb1&#8243; custom_padding_last_edited=\u00bbon|desktop\u00bb admin_label=\u00bbAbout Recipe\u00bb _builder_version=\u00bb4.3.2&#8243; background_enable_color=\u00bboff\u00bb background_enable_image=\u00bboff\u00bb custom_padding=\u00bb||6px|||\u00bb custom_padding_tablet=\u00bb||0px|\u00bb custom_padding_phone=\u00bb\u00bb][et_pb_row column_structure=\u00bb2_5,3_5&#8243; admin_label=\u00bbrow\u00bb _builder_version=\u00bb4.7.7&#8243; background_size=\u00bbinitial\u00bb background_position=\u00bbtop_left\u00bb background_repeat=\u00bbrepeat\u00bb border_color_all=\u00bb#0c71c3&#8243; locked=\u00bboff\u00bb][et_pb_column type=\u00bb2_5&#8243; _builder_version=\u00bb4.7.7&#8243; custom_padding=\u00bb3vw||||false|false\u00bb custom_padding__hover=\u00bb|||\u00bb][et_pb_text admin_label=\u00bbTextDireccionDondecomer\u00bb _builder_version=\u00bb4.9.2&#8243; hover_enabled=\u00bb0&#8243; use_border_color=\u00bboff\u00bb border_color=\u00bb#ffffff\u00bb border_style=\u00bbsolid\u00bb sticky_enabled=\u00bb0&#8243;]\n<p><b>Direcci\u00f3n: <\/b>Carrer del Mig, 4 03837 Agres\u00a0<\/p>\n[\/et_pb_text][et_pb_text admin_label=\u00bbTextTelefonDondecomer\u00bb _builder_version=\u00bb4.9.2&#8243; hover_enabled=\u00bb0&#8243; use_border_color=\u00bboff\u00bb border_color=\u00bb#ffffff\u00bb border_style=\u00bbsolid\u00bb sticky_enabled=\u00bb0&#8243;]\n<p><b>Tel\u00e9fono<\/b><strong>:<\/strong> 965 51 03 90<\/p>\n[\/et_pb_text][et_pb_text admin_label=\u00bbTextEmailDondecomer\u00bb _builder_version=\u00bb4.7.7&#8243; use_border_color=\u00bboff\u00bb border_color=\u00bb#ffffff\u00bb border_style=\u00bbsolid\u00bb]\n<p><strong>Email:<\/strong><\/p>\n[\/et_pb_text][et_pb_text admin_label=\u00bbTextWebDondecomer\u00bb _builder_version=\u00bb4.7.7&#8243; use_border_color=\u00bboff\u00bb border_color=\u00bb#ffffff\u00bb border_style=\u00bbsolid\u00bb]\n<p><strong>Web:<\/strong><\/p>\n[\/et_pb_text][\/et_pb_column][et_pb_column type=\u00bb3_5&#8243; _builder_version=\u00bb3.25&#8243; custom_padding=\u00bb10px||10px|10px\u00bb custom_padding__hover=\u00bb|||\u00bb][et_pb_image title_text=\u00bbCara Rural Almassera 2&#8243; show_in_lightbox=\u00bbon\u00bb use_overlay=\u00bbon\u00bb overlay_icon_color=\u00bb#363c91&#8243; hover_overlay_color=\u00bbrgba(255,255,255,0.79)\u00bb align=\u00bbcenter\u00bb align_tablet=\u00bbcenter\u00bb align_phone=\u00bb\u00bb align_last_edited=\u00bbon|desktop\u00bb admin_label=\u00bbImgDondecomer\u00bb _builder_version=\u00bb4.7.7&#8243; max_width=\u00bb600px\u00bb animation_style=\u00bbfold\u00bb box_shadow_style=\u00bbpreset2&#8243; animation=\u00bboff\u00bb sticky=\u00bboff\u00bb use_border_color=\u00bboff\u00bb border_color=\u00bb#ffffff\u00bb border_style=\u00bbsolid\u00bb][\/et_pb_image][\/et_pb_column][\/et_pb_row][\/et_pb_section][et_pb_section fb_built=\u00bb1&#8243; prev_background_color=\u00bb#ffffff\u00bb admin_label=\u00bbInstructions\u00bb _builder_version=\u00bb4.7.7&#8243; background_color=\u00bb#f3f3f3&#8243; background_enable_image=\u00bboff\u00bb background_size=\u00bbcontain\u00bb custom_padding=\u00bb60px||60px||false|false\u00bb top_divider_style=\u00bbarrow3&#8243; bottom_divider_style=\u00bbarrow3&#8243; next_background_color=\u00bb#ffffff\u00bb][et_pb_row column_structure=\u00bb1_2,1_2&#8243; _builder_version=\u00bb4.3.2&#8243; background_size=\u00bbinitial\u00bb background_position=\u00bbtop_left\u00bb background_repeat=\u00bbrepeat\u00bb custom_padding=\u00bb5vw||7vw||false|false\u00bb locked=\u00bboff\u00bb][et_pb_column type=\u00bb1_2&#8243; _builder_version=\u00bb4.3.2&#8243; custom_padding=\u00bb|||\u00bb custom_padding__hover=\u00bb|||\u00bb][et_pb_text _builder_version=\u00bb4.9.2&#8243; text_font=\u00bbAclonica||||||||solid\u00bb text_font_size=\u00bb20px\u00bb text_font_size_tablet=\u00bb\u00bb text_font_size_phone=\u00bb\u00bb text_font_size_last_edited=\u00bbon|desktop\u00bb use_border_color=\u00bboff\u00bb border_color=\u00bb#ffffff\u00bb border_style=\u00bbsolid\u00bb]\n<p>M\u00e1s informaci\u00f3n:<\/p>\n[\/et_pb_text][et_pb_text admin_label=\u00bbTextotrosDondecomer\u00bb _builder_version=\u00bb4.7.7&#8243; use_border_color=\u00bboff\u00bb border_color=\u00bb#ffffff\u00bb border_style=\u00bbsolid\u00bb][\/et_pb_text][\/et_pb_column][et_pb_column type=\u00bb1_2&#8243; _builder_version=\u00bb4.3.2&#8243; custom_padding=\u00bb|||\u00bb custom_padding__hover=\u00bb|||\u00bb][et_pb_blurb title=\u00bbVer en el mapa\u00bb url_new_window=\u00bbon\u00bb use_icon=\u00bbon\u00bb font_icon=\u00bb%%249%%\u00bb icon_color=\u00bbgcid-af4a1f9d-84d2-4363-ba5d-303ec794fd41&#8243; use_icon_font_size=\u00bbon\u00bb icon_font_size=\u00bb37px\u00bb admin_label=\u00bbMapaDondecomer\u00bb _builder_version=\u00bb4.9.2&#8243; _module_preset=\u00bbdefault\u00bb header_font=\u00bb|600|||||||\u00bb header_text_align=\u00bbcenter\u00bb header_font_size=\u00bb16px\u00bb link_option_url_new_window=\u00bbon\u00bb hover_enabled=\u00bb0&#8243; global_colors_info=\u00bb{%22gcid-af4a1f9d-84d2-4363-ba5d-303ec794fd41%22:%91%22icon_color%22%93}\u00bb url=\u00bbhttps:\/\/goo.gl\/maps\/1PDcwaKNLRhoC1n78&#8243; link_option_url=\u00bbhttps:\/\/goo.gl\/maps\/1PDcwaKNLRhoC1n78&#8243; sticky_enabled=\u00bb0&#8243;][\/et_pb_blurb][\/et_pb_column][\/et_pb_row][\/et_pb_section]\n","protected":false},"excerpt":{"rendered":"<p>Direcci\u00f3n: Carrer del Mig, 4 03837 Agres\u00a0 Tel\u00e9fono: 965 51 03 90 Email: Web: M\u00e1s informaci\u00f3n:<\/p>\n","protected":false},"author":1,"featured_media":63535,"comment_status":"closed","ping_status":"closed","sticky":false,"template":"","format":"standard","meta":{"_et_pb_use_builder":"on","_et_pb_old_content":"","_et_gb_content_width":"","footnotes":""},"categories":[182,164,174],"tags":[],"class_list":["post-62220","post","type-post","status-publish","format-standard","has-post-thumbnail","hentry","category-donde-comer-es","category-noticias-es","category-turismo"],"yoast_head":"<!-- This site is optimized with the Yoast SEO plugin v26.9 - https:\/\/yoast.com\/product\/yoast-seo-wordpress\/ -->\n<title>Bar Cafeteria La Vil.lana - Agres<\/title>\n<meta name=\"robots\" content=\"index, follow, max-snippet:-1, max-image-preview:large, max-video-preview:-1\" \/>\n<link rel=\"canonical\" href=\"https:\/\/www.agres.es\/es\/bar-cafeteria-la-vilana\/\" \/>\n<meta property=\"og:locale\" content=\"es_ES\" \/>\n<meta property=\"og:type\" content=\"article\" \/>\n<meta property=\"og:title\" content=\"Bar Cafeteria La Vil.lana - Agres\" \/>\n<meta property=\"og:description\" content=\"Direcci\u00f3n: Carrer del Mig, 4 03837 Agres\u00a0 Tel\u00e9fono: 965 51 03 90 Email: Web: M\u00e1s informaci\u00f3n:\" \/>\n<meta property=\"og:url\" content=\"https:\/\/www.agres.es\/es\/bar-cafeteria-la-vilana\/\" \/>\n<meta property=\"og:site_name\" content=\"Agres\" \/>\n<meta property=\"article:published_time\" content=\"2021-03-16T10:22:03+00:00\" \/>\n<meta property=\"article:modified_time\" content=\"2021-10-28T06:59:11+00:00\" \/>\n<meta property=\"og:image\" content=\"https:\/\/www.agres.es\/wp-content\/uploads\/2021\/03\/la-vilana-bar2.jpg\" \/>\n\t<meta property=\"og:image:width\" content=\"540\" \/>\n\t<meta property=\"og:image:height\" content=\"540\" \/>\n\t<meta property=\"og:image:type\" content=\"image\/jpeg\" \/>\n<meta name=\"author\" content=\"heroe\" \/>\n<meta name=\"twitter:card\" content=\"summary_large_image\" \/>\n<meta name=\"twitter:label1\" content=\"Escrito por\" \/>\n\t<meta name=\"twitter:data1\" content=\"heroe\" \/>\n\t<meta name=\"twitter:label2\" content=\"Tiempo de lectura\" \/>\n\t<meta name=\"twitter:data2\" content=\"3 minutos\" \/>\n<script type=\"application\/ld+json\" class=\"yoast-schema-graph\">{\"@context\":\"https:\/\/schema.org\",\"@graph\":[{\"@type\":\"Article\",\"@id\":\"https:\/\/www.agres.es\/es\/bar-cafeteria-la-vilana\/#article\",\"isPartOf\":{\"@id\":\"https:\/\/www.agres.es\/es\/bar-cafeteria-la-vilana\/\"},\"author\":{\"name\":\"heroe\",\"@id\":\"https:\/\/www.agres.es\/es\/#\/schema\/person\/e83bc060ff273aef9a1b3ba5df65f157\"},\"headline\":\"Bar Cafeteria La Vil.lana\",\"datePublished\":\"2021-03-16T10:22:03+00:00\",\"dateModified\":\"2021-10-28T06:59:11+00:00\",\"mainEntityOfPage\":{\"@id\":\"https:\/\/www.agres.es\/es\/bar-cafeteria-la-vilana\/\"},\"wordCount\":545,\"image\":{\"@id\":\"https:\/\/www.agres.es\/es\/bar-cafeteria-la-vilana\/#primaryimage\"},\"thumbnailUrl\":\"https:\/\/www.agres.es\/wp-content\/uploads\/2021\/03\/la-vilana-bar2.jpg\",\"articleSection\":[\"D\u00f3nde comer\",\"Noticias\",\"Turismo\"],\"inLanguage\":\"es\"},{\"@type\":\"WebPage\",\"@id\":\"https:\/\/www.agres.es\/es\/bar-cafeteria-la-vilana\/\",\"url\":\"https:\/\/www.agres.es\/es\/bar-cafeteria-la-vilana\/\",\"name\":\"Bar Cafeteria La Vil.lana - Agres\",\"isPartOf\":{\"@id\":\"https:\/\/www.agres.es\/es\/#website\"},\"primaryImageOfPage\":{\"@id\":\"https:\/\/www.agres.es\/es\/bar-cafeteria-la-vilana\/#primaryimage\"},\"image\":{\"@id\":\"https:\/\/www.agres.es\/es\/bar-cafeteria-la-vilana\/#primaryimage\"},\"thumbnailUrl\":\"https:\/\/www.agres.es\/wp-content\/uploads\/2021\/03\/la-vilana-bar2.jpg\",\"datePublished\":\"2021-03-16T10:22:03+00:00\",\"dateModified\":\"2021-10-28T06:59:11+00:00\",\"author\":{\"@id\":\"https:\/\/www.agres.es\/es\/#\/schema\/person\/e83bc060ff273aef9a1b3ba5df65f157\"},\"breadcrumb\":{\"@id\":\"https:\/\/www.agres.es\/es\/bar-cafeteria-la-vilana\/#breadcrumb\"},\"inLanguage\":\"es\",\"potentialAction\":[{\"@type\":\"ReadAction\",\"target\":[\"https:\/\/www.agres.es\/es\/bar-cafeteria-la-vilana\/\"]}]},{\"@type\":\"ImageObject\",\"inLanguage\":\"es\",\"@id\":\"https:\/\/www.agres.es\/es\/bar-cafeteria-la-vilana\/#primaryimage\",\"url\":\"https:\/\/www.agres.es\/wp-content\/uploads\/2021\/03\/la-vilana-bar2.jpg\",\"contentUrl\":\"https:\/\/www.agres.es\/wp-content\/uploads\/2021\/03\/la-vilana-bar2.jpg\",\"width\":540,\"height\":540},{\"@type\":\"BreadcrumbList\",\"@id\":\"https:\/\/www.agres.es\/es\/bar-cafeteria-la-vilana\/#breadcrumb\",\"itemListElement\":[{\"@type\":\"ListItem\",\"position\":1,\"name\":\"Inicio\",\"item\":\"https:\/\/www.agres.es\/es\/\"},{\"@type\":\"ListItem\",\"position\":2,\"name\":\"Bar Cafeteria La Vil.lana\"}]},{\"@type\":\"WebSite\",\"@id\":\"https:\/\/www.agres.es\/es\/#website\",\"url\":\"https:\/\/www.agres.es\/es\/\",\"name\":\"Agres\",\"description\":\"Ayuntamiento de la Vila de Agres\",\"potentialAction\":[{\"@type\":\"SearchAction\",\"target\":{\"@type\":\"EntryPoint\",\"urlTemplate\":\"https:\/\/www.agres.es\/es\/?s={search_term_string}\"},\"query-input\":{\"@type\":\"PropertyValueSpecification\",\"valueRequired\":true,\"valueName\":\"search_term_string\"}}],\"inLanguage\":\"es\"},{\"@type\":\"Person\",\"@id\":\"https:\/\/www.agres.es\/es\/#\/schema\/person\/e83bc060ff273aef9a1b3ba5df65f157\",\"name\":\"heroe\"}]}<\/script>\n<!-- \/ Yoast SEO plugin. -->","yoast_head_json":{"title":"Bar Cafeteria La Vil.lana - Agres","robots":{"index":"index","follow":"follow","max-snippet":"max-snippet:-1","max-image-preview":"max-image-preview:large","max-video-preview":"max-video-preview:-1"},"canonical":"https:\/\/www.agres.es\/es\/bar-cafeteria-la-vilana\/","og_locale":"es_ES","og_type":"article","og_title":"Bar Cafeteria La Vil.lana - Agres","og_description":"Direcci\u00f3n: Carrer del Mig, 4 03837 Agres\u00a0 Tel\u00e9fono: 965 51 03 90 Email: Web: M\u00e1s informaci\u00f3n:","og_url":"https:\/\/www.agres.es\/es\/bar-cafeteria-la-vilana\/","og_site_name":"Agres","article_published_time":"2021-03-16T10:22:03+00:00","article_modified_time":"2021-10-28T06:59:11+00:00","og_image":[{"width":540,"height":540,"url":"https:\/\/www.agres.es\/wp-content\/uploads\/2021\/03\/la-vilana-bar2.jpg","type":"image\/jpeg"}],"author":"heroe","twitter_card":"summary_large_image","twitter_misc":{"Escrito por":"heroe","Tiempo de lectura":"3 minutos"},"schema":{"@context":"https:\/\/schema.org","@graph":[{"@type":"Article","@id":"https:\/\/www.agres.es\/es\/bar-cafeteria-la-vilana\/#article","isPartOf":{"@id":"https:\/\/www.agres.es\/es\/bar-cafeteria-la-vilana\/"},"author":{"name":"heroe","@id":"https:\/\/www.agres.es\/es\/#\/schema\/person\/e83bc060ff273aef9a1b3ba5df65f157"},"headline":"Bar Cafeteria La Vil.lana","datePublished":"2021-03-16T10:22:03+00:00","dateModified":"2021-10-28T06:59:11+00:00","mainEntityOfPage":{"@id":"https:\/\/www.agres.es\/es\/bar-cafeteria-la-vilana\/"},"wordCount":545,"image":{"@id":"https:\/\/www.agres.es\/es\/bar-cafeteria-la-vilana\/#primaryimage"},"thumbnailUrl":"https:\/\/www.agres.es\/wp-content\/uploads\/2021\/03\/la-vilana-bar2.jpg","articleSection":["D\u00f3nde comer","Noticias","Turismo"],"inLanguage":"es"},{"@type":"WebPage","@id":"https:\/\/www.agres.es\/es\/bar-cafeteria-la-vilana\/","url":"https:\/\/www.agres.es\/es\/bar-cafeteria-la-vilana\/","name":"Bar Cafeteria La Vil.lana - Agres","isPartOf":{"@id":"https:\/\/www.agres.es\/es\/#website"},"primaryImageOfPage":{"@id":"https:\/\/www.agres.es\/es\/bar-cafeteria-la-vilana\/#primaryimage"},"image":{"@id":"https:\/\/www.agres.es\/es\/bar-cafeteria-la-vilana\/#primaryimage"},"thumbnailUrl":"https:\/\/www.agres.es\/wp-content\/uploads\/2021\/03\/la-vilana-bar2.jpg","datePublished":"2021-03-16T10:22:03+00:00","dateModified":"2021-10-28T06:59:11+00:00","author":{"@id":"https:\/\/www.agres.es\/es\/#\/schema\/person\/e83bc060ff273aef9a1b3ba5df65f157"},"breadcrumb":{"@id":"https:\/\/www.agres.es\/es\/bar-cafeteria-la-vilana\/#breadcrumb"},"inLanguage":"es","potentialAction":[{"@type":"ReadAction","target":["https:\/\/www.agres.es\/es\/bar-cafeteria-la-vilana\/"]}]},{"@type":"ImageObject","inLanguage":"es","@id":"https:\/\/www.agres.es\/es\/bar-cafeteria-la-vilana\/#primaryimage","url":"https:\/\/www.agres.es\/wp-content\/uploads\/2021\/03\/la-vilana-bar2.jpg","contentUrl":"https:\/\/www.agres.es\/wp-content\/uploads\/2021\/03\/la-vilana-bar2.jpg","width":540,"height":540},{"@type":"BreadcrumbList","@id":"https:\/\/www.agres.es\/es\/bar-cafeteria-la-vilana\/#breadcrumb","itemListElement":[{"@type":"ListItem","position":1,"name":"Inicio","item":"https:\/\/www.agres.es\/es\/"},{"@type":"ListItem","position":2,"name":"Bar Cafeteria La Vil.lana"}]},{"@type":"WebSite","@id":"https:\/\/www.agres.es\/es\/#website","url":"https:\/\/www.agres.es\/es\/","name":"Agres","description":"Ayuntamiento de la Vila de Agres","potentialAction":[{"@type":"SearchAction","target":{"@type":"EntryPoint","urlTemplate":"https:\/\/www.agres.es\/es\/?s={search_term_string}"},"query-input":{"@type":"PropertyValueSpecification","valueRequired":true,"valueName":"search_term_string"}}],"inLanguage":"es"},{"@type":"Person","@id":"https:\/\/www.agres.es\/es\/#\/schema\/person\/e83bc060ff273aef9a1b3ba5df65f157","name":"heroe"}]}},"_links":{"self":[{"href":"https:\/\/www.agres.es\/es\/wp-json\/wp\/v2\/posts\/62220","targetHints":{"allow":["GET"]}}],"collection":[{"href":"https:\/\/www.agres.es\/es\/wp-json\/wp\/v2\/posts"}],"about":[{"href":"https:\/\/www.agres.es\/es\/wp-json\/wp\/v2\/types\/post"}],"author":[{"embeddable":true,"href":"https:\/\/www.agres.es\/es\/wp-json\/wp\/v2\/users\/1"}],"replies":[{"embeddable":true,"href":"https:\/\/www.agres.es\/es\/wp-json\/wp\/v2\/comments?post=62220"}],"version-history":[{"count":0,"href":"https:\/\/www.agres.es\/es\/wp-json\/wp\/v2\/posts\/62220\/revisions"}],"wp:featuredmedia":[{"embeddable":true,"href":"https:\/\/www.agres.es\/es\/wp-json\/wp\/v2\/media\/63535"}],"wp:attachment":[{"href":"https:\/\/www.agres.es\/es\/wp-json\/wp\/v2\/media?parent=62220"}],"wp:term":[{"taxonomy":"category","embeddable":true,"href":"https:\/\/www.agres.es\/es\/wp-json\/wp\/v2\/categories?post=62220"},{"taxonomy":"post_tag","embeddable":true,"href":"https:\/\/www.agres.es\/es\/wp-json\/wp\/v2\/tags?post=62220"}],"curies":[{"name":"wp","href":"https:\/\/api.w.org\/{rel}","templated":true}]}}