{"id":62375,"date":"2021-03-15T05:50:26","date_gmt":"2021-03-15T04:50:26","guid":{"rendered":"https:\/\/www.agres.es\/fiestas-del-pastoret-o-de-la-mare-de-deu-dagres\/"},"modified":"2021-03-22T13:12:19","modified_gmt":"2021-03-22T12:12:19","slug":"fiestas-del-pastoret-o-de-la-mare-de-deu-dagres","status":"publish","type":"post","link":"https:\/\/www.agres.es\/es\/fiestas-del-pastoret-o-de-la-mare-de-deu-dagres\/","title":{"rendered":"Fiestas del \u201cPastoret\u201d o de la \u201cMare de Deu d\u2019Agres\u201d"},"content":{"rendered":"[et_pb_section bb_built=\u00bb1&#8243; admin_label=\u00bbAbout Recipe\u00bb custom_padding_last_edited=\u00bbon|desktop\u00bb next_background_color=\u00bb#f3f3f3&#8243; _builder_version=\u00bb4.3.2&#8243; background_enable_color=\u00bboff\u00bb background_enable_image=\u00bboff\u00bb custom_padding=\u00bb||6px|||\u00bb custom_padding_tablet=\u00bb||0px|\u00bb hover_enabled=\u00bb0&#8243;][et_pb_row _builder_version=\u00bb3.25&#8243; background_size=\u00bbinitial\u00bb background_position=\u00bbtop_left\u00bb background_repeat=\u00bbrepeat\u00bb hover_enabled=\u00bb0&#8243;][et_pb_column type=\u00bb4_4&#8243; _builder_version=\u00bb3.25&#8243; custom_padding=\u00bb|||\u00bb hover_enabled=\u00bb0&#8243; custom_padding__hover=\u00bb|||\u00bb][et_pb_text admin_label=\u00bbTextFiestas\u00bb _builder_version=\u00bb4.9.2&#8243; vertical_offset_tablet=\u00bb0&#8243; horizontal_offset_tablet=\u00bb0&#8243; hover_enabled=\u00bb0&#8243; z_index_tablet=\u00bb0&#8243; text_text_shadow_horizontal_length=\u00bbtext_text_shadow_style,%91object Object%93&#8243; text_text_shadow_vertical_length=\u00bbtext_text_shadow_style,%91object Object%93&#8243; text_text_shadow_blur_strength=\u00bbtext_text_shadow_style,%91object Object%93&#8243; text_text_shadow_horizontal_length_tablet=\u00bb0px\u00bb text_text_shadow_vertical_length_tablet=\u00bb0px\u00bb text_text_shadow_blur_strength_tablet=\u00bb1px\u00bb link_text_shadow_horizontal_length=\u00bblink_text_shadow_style,%91object Object%93&#8243; link_text_shadow_vertical_length=\u00bblink_text_shadow_style,%91object Object%93&#8243; link_text_shadow_blur_strength=\u00bblink_text_shadow_style,%91object Object%93&#8243; link_text_shadow_horizontal_length_tablet=\u00bb0px\u00bb link_text_shadow_vertical_length_tablet=\u00bb0px\u00bb link_text_shadow_blur_strength_tablet=\u00bb1px\u00bb ul_text_shadow_horizontal_length=\u00bbul_text_shadow_style,%91object Object%93&#8243; ul_text_shadow_vertical_length=\u00bbul_text_shadow_style,%91object Object%93&#8243; ul_text_shadow_blur_strength=\u00bbul_text_shadow_style,%91object Object%93&#8243; ul_text_shadow_horizontal_length_tablet=\u00bb0px\u00bb ul_text_shadow_vertical_length_tablet=\u00bb0px\u00bb ul_text_shadow_blur_strength_tablet=\u00bb1px\u00bb ol_text_shadow_horizontal_length=\u00bbol_text_shadow_style,%91object Object%93&#8243; ol_text_shadow_vertical_length=\u00bbol_text_shadow_style,%91object Object%93&#8243; ol_text_shadow_blur_strength=\u00bbol_text_shadow_style,%91object Object%93&#8243; ol_text_shadow_horizontal_length_tablet=\u00bb0px\u00bb ol_text_shadow_vertical_length_tablet=\u00bb0px\u00bb ol_text_shadow_blur_strength_tablet=\u00bb1px\u00bb quote_text_shadow_horizontal_length=\u00bbquote_text_shadow_style,%91object Object%93&#8243; quote_text_shadow_vertical_length=\u00bbquote_text_shadow_style,%91object Object%93&#8243; quote_text_shadow_blur_strength=\u00bbquote_text_shadow_style,%91object Object%93&#8243; quote_text_shadow_horizontal_length_tablet=\u00bb0px\u00bb quote_text_shadow_vertical_length_tablet=\u00bb0px\u00bb quote_text_shadow_blur_strength_tablet=\u00bb1px\u00bb header_text_shadow_horizontal_length=\u00bbheader_text_shadow_style,%91object Object%93&#8243; header_text_shadow_vertical_length=\u00bbheader_text_shadow_style,%91object Object%93&#8243; header_text_shadow_blur_strength=\u00bbheader_text_shadow_style,%91object Object%93&#8243; header_text_shadow_horizontal_length_tablet=\u00bb0px\u00bb header_text_shadow_vertical_length_tablet=\u00bb0px\u00bb header_text_shadow_blur_strength_tablet=\u00bb1px\u00bb header_2_text_shadow_horizontal_length=\u00bbheader_2_text_shadow_style,%91object Object%93&#8243; header_2_text_shadow_vertical_length=\u00bbheader_2_text_shadow_style,%91object Object%93&#8243; header_2_text_shadow_blur_strength=\u00bbheader_2_text_shadow_style,%91object Object%93&#8243; header_2_text_shadow_horizontal_length_tablet=\u00bb0px\u00bb header_2_text_shadow_vertical_length_tablet=\u00bb0px\u00bb header_2_text_shadow_blur_strength_tablet=\u00bb1px\u00bb header_3_text_shadow_horizontal_length=\u00bbheader_3_text_shadow_style,%91object Object%93&#8243; header_3_text_shadow_vertical_length=\u00bbheader_3_text_shadow_style,%91object Object%93&#8243; header_3_text_shadow_blur_strength=\u00bbheader_3_text_shadow_style,%91object Object%93&#8243; header_3_text_shadow_horizontal_length_tablet=\u00bb0px\u00bb header_3_text_shadow_vertical_length_tablet=\u00bb0px\u00bb header_3_text_shadow_blur_strength_tablet=\u00bb1px\u00bb header_4_text_shadow_horizontal_length=\u00bbheader_4_text_shadow_style,%91object Object%93&#8243; header_4_text_shadow_vertical_length=\u00bbheader_4_text_shadow_style,%91object Object%93&#8243; header_4_text_shadow_blur_strength=\u00bbheader_4_text_shadow_style,%91object Object%93&#8243; header_4_text_shadow_horizontal_length_tablet=\u00bb0px\u00bb header_4_text_shadow_vertical_length_tablet=\u00bb0px\u00bb header_4_text_shadow_blur_strength_tablet=\u00bb1px\u00bb header_5_text_shadow_horizontal_length=\u00bbheader_5_text_shadow_style,%91object Object%93&#8243; header_5_text_shadow_vertical_length=\u00bbheader_5_text_shadow_style,%91object Object%93&#8243; header_5_text_shadow_blur_strength=\u00bbheader_5_text_shadow_style,%91object Object%93&#8243; header_5_text_shadow_horizontal_length_tablet=\u00bb0px\u00bb header_5_text_shadow_vertical_length_tablet=\u00bb0px\u00bb header_5_text_shadow_blur_strength_tablet=\u00bb1px\u00bb header_6_text_shadow_horizontal_length=\u00bbheader_6_text_shadow_style,%91object Object%93&#8243; header_6_text_shadow_vertical_length=\u00bbheader_6_text_shadow_style,%91object Object%93&#8243; header_6_text_shadow_blur_strength=\u00bbheader_6_text_shadow_style,%91object Object%93&#8243; header_6_text_shadow_horizontal_length_tablet=\u00bb0px\u00bb header_6_text_shadow_vertical_length_tablet=\u00bb0px\u00bb header_6_text_shadow_blur_strength_tablet=\u00bb1px\u00bb box_shadow_horizontal_tablet=\u00bb0px\u00bb box_shadow_vertical_tablet=\u00bb0px\u00bb box_shadow_blur_tablet=\u00bb40px\u00bb box_shadow_spread_tablet=\u00bb0px\u00bb use_border_color=\u00bboff\u00bb border_color=\u00bb#ffffff\u00bb border_style=\u00bbsolid\u00bb]\n<p>Basadas en una tradici\u00f3n que se remonta al 1484, en la cual la Virgen se aparece a un pastor en el interior del castillo de Agres. Seg\u00fan cuenta la historia, esta imagen huy\u00f3 de un incendio que se declar\u00f3 en la iglesia de Santa Mar\u00eda de Alicante, y la encontr\u00f3 un pastor que era manco en el mencionado castillo. Esta es una de las tradiciones m\u00e1s populares tanto en el pueblo de Agres, como en las poblaciones vecinas. Esta fiesta se celebraba tradicionalmente\u00a0los d\u00edas 1, 6, 7, 8 y 9 de septiembre. Desde 2016 se celebran el \u00faltimo viernes y\u00a0s\u00e1bado del mes de agosto con la Representaci\u00f3 de l\u2019Aparici\u00f3 de la Mare de D\u00e9u d\u2019Agres\u00a0y\u00a0el domingo a continuaci\u00f3n con el D\u00eda de la Vinguda.\u00a0El primer fin de semana de septiembre siguiente ser\u00e1n las Fiestas Patronales a la Mare de D\u00e9u d\u2019Agres, viernes Preg\u00f3n y Passacarrer del Fanalet, s\u00e1bado d\u00eda del Pastoret; domingo, d\u00eda de la Mare de D\u00e9u y lunes, d\u00eda de Acci\u00f3n de Gracias. Durante los siguientes domingos del mes de agosto, gozamos de\u00a0la participaci\u00f3n de miles de peregrinos venidos en Romer\u00eda a la Mare de D\u00e9u d\u2019Agres de todos los lugares de nuestra comunidad y resto de Espa\u00f1a.<\/p>\n<p>Uno de los momentos m\u00e1s emotivos y en el que se concentra m\u00e1s gente, tiene lugar el d\u00eda\u00a0del Pastoret en el momento en el que el pastor realiza la conocida \u201cAmbaixada del Pastoret\u201d, en la cual relata lo ocurrido aquella misma ma\u00f1ana en el castillo de la poblaci\u00f3n.<\/p>\n<p>El Ayuntamiento de Agres, ha solicitado a la GENERALITAT VALENCIANA, la declaraci\u00f3n de Bien de Inter\u00e9s Cultural de este acto.<\/p>\n<p>DE CONSEGUIR ESTA DECLARACI\u00d3N OFICIAL, LA EMBAJADA DEL PASTOR SE INCORPORAR\u00c1 A LA RELACI\u00d3N BIC Y GOZAR\u00c1 DE LA PROTECCI\u00d3N JUR\u00cdDICA QUE GARANTIZAR\u00c1 SU PERMANENCIA ENTRE NOSOTROS.<\/p>\n<p>Uno de los actos m\u00e1s conocidos a nivel cultural que se realiza en nuestra poblaci\u00f3n, es la conocida representaci\u00f3n teatral que se realiza el \u00faltimo viernes y s\u00e1bado del mes de agosto, en la que se revive la vida de Agres y sus costumbres el mismo d\u00eda de la aparici\u00f3n de la Virgen, es decir, la vida que se viv\u00eda en este pueblo y en los alrededores en 1484. Este acto se realiza al aire libre en medio de un lugar privilegiado como es \u201cL\u2019Assud\u201d y en la representaci\u00f3n colaboran y participan m\u00e1s de un centenar de personajes.<\/p>\n[\/et_pb_text][\/et_pb_column][\/et_pb_row][\/et_pb_section][et_pb_section bb_built=\u00bb1&#8243; admin_label=\u00bbInstructions\u00bb prev_background_color=\u00bb#ffffff\u00bb _builder_version=\u00bb4.7.7&#8243; background_color=\u00bb#f3f3f3&#8243; background_enable_image=\u00bboff\u00bb background_size=\u00bbcontain\u00bb custom_padding=\u00bb60px||60px||false|false\u00bb top_divider_style=\u00bbarrow3&#8243; bottom_divider_style=\u00bbarrow3&#8243; hover_enabled=\u00bb0&#8243;][et_pb_row column_structure=\u00bb1_4,1_4,1_4,1_4&#8243; _builder_version=\u00bb4.7.7&#8243; background_size=\u00bbinitial\u00bb background_position=\u00bbtop_left\u00bb background_repeat=\u00bbrepeat\u00bb hover_enabled=\u00bb0&#8243;][et_pb_column type=\u00bb1_4&#8243; _builder_version=\u00bb3.25&#8243; custom_padding=\u00bb|||\u00bb hover_enabled=\u00bb0&#8243; custom_padding__hover=\u00bb|||\u00bb][et_pb_image admin_label=\u00bbImgFiestas\u00bb show_in_lightbox=\u00bbon\u00bb use_overlay=\u00bbon\u00bb overlay_icon_color=\u00bb#363c91&#8243; hover_overlay_color=\u00bbrgba(255,255,255,0.7)\u00bb hover_icon=\u00bb%%51%%\u00bb align=\u00bbcenter\u00bb align_tablet=\u00bbcenter\u00bb align_last_edited=\u00bbon|desktop\u00bb _builder_version=\u00bb4.9.2&#8243; vertical_offset_tablet=\u00bb0&#8243; horizontal_offset_tablet=\u00bb0&#8243; max_width=\u00bb600px\u00bb hover_enabled=\u00bb0&#8243; z_index_tablet=\u00bb0&#8243; box_shadow_horizontal_tablet=\u00bb0px\u00bb box_shadow_vertical_tablet=\u00bb0px\u00bb box_shadow_blur_tablet=\u00bb40px\u00bb box_shadow_spread_tablet=\u00bb0px\u00bb use_border_color=\u00bboff\u00bb border_color=\u00bb#ffffff\u00bb border_style=\u00bbsolid\u00bb animation=\u00bboff\u00bb sticky=\u00bboff\u00bb src=\u00bbhttps:\/\/www.agres.es\/wp-content\/uploads\/2017\/05\/fiestas-pastoret.jpg\u00bb]\n<p>&nbsp;<\/p>\n<p>&nbsp;<\/p>\n[\/et_pb_image][\/et_pb_column][et_pb_column type=\u00bb1_4&#8243; _builder_version=\u00bb3.25&#8243; custom_padding=\u00bb|||\u00bb hover_enabled=\u00bb0&#8243; custom_padding__hover=\u00bb|||\u00bb][et_pb_image show_in_lightbox=\u00bbon\u00bb use_overlay=\u00bbon\u00bb overlay_icon_color=\u00bb#363c91&#8243; hover_overlay_color=\u00bbrgba(255,255,255,0.7)\u00bb hover_icon=\u00bb%%51%%\u00bb align=\u00bbcenter\u00bb align_tablet=\u00bbcenter\u00bb align_last_edited=\u00bbon|desktop\u00bb _builder_version=\u00bb4.8.0&#8243; vertical_offset_tablet=\u00bb0&#8243; horizontal_offset_tablet=\u00bb0&#8243; max_width=\u00bb600px\u00bb hover_enabled=\u00bb0&#8243; z_index_tablet=\u00bb0&#8243; box_shadow_horizontal_tablet=\u00bb0px\u00bb box_shadow_vertical_tablet=\u00bb0px\u00bb box_shadow_blur_tablet=\u00bb40px\u00bb box_shadow_spread_tablet=\u00bb0px\u00bb use_border_color=\u00bboff\u00bb border_color=\u00bb#ffffff\u00bb border_style=\u00bbsolid\u00bb animation=\u00bboff\u00bb sticky=\u00bboff\u00bb]\n<p>&nbsp;<\/p>\n<p>&nbsp;<\/p>\n[\/et_pb_image][\/et_pb_column][et_pb_column type=\u00bb1_4&#8243; _builder_version=\u00bb3.25&#8243; custom_padding=\u00bb|||\u00bb hover_enabled=\u00bb0&#8243; custom_padding__hover=\u00bb|||\u00bb][et_pb_image show_in_lightbox=\u00bbon\u00bb use_overlay=\u00bbon\u00bb overlay_icon_color=\u00bb#363c91&#8243; hover_overlay_color=\u00bbrgba(255,255,255,0.7)\u00bb hover_icon=\u00bb%%51%%\u00bb align=\u00bbcenter\u00bb align_tablet=\u00bbcenter\u00bb align_last_edited=\u00bbon|desktop\u00bb _builder_version=\u00bb4.8.0&#8243; vertical_offset_tablet=\u00bb0&#8243; horizontal_offset_tablet=\u00bb0&#8243; max_width=\u00bb600px\u00bb hover_enabled=\u00bb0&#8243; z_index_tablet=\u00bb0&#8243; box_shadow_horizontal_tablet=\u00bb0px\u00bb box_shadow_vertical_tablet=\u00bb0px\u00bb box_shadow_blur_tablet=\u00bb40px\u00bb box_shadow_spread_tablet=\u00bb0px\u00bb use_border_color=\u00bboff\u00bb border_color=\u00bb#ffffff\u00bb border_style=\u00bbsolid\u00bb animation=\u00bboff\u00bb sticky=\u00bboff\u00bb]\n<p>&nbsp;<\/p>\n<p>&nbsp;<\/p>\n[\/et_pb_image][\/et_pb_column][et_pb_column type=\u00bb1_4&#8243; _builder_version=\u00bb3.25&#8243; custom_padding=\u00bb|||\u00bb hover_enabled=\u00bb0&#8243; custom_padding__hover=\u00bb|||\u00bb][et_pb_image show_in_lightbox=\u00bbon\u00bb use_overlay=\u00bbon\u00bb overlay_icon_color=\u00bb#363c91&#8243; hover_overlay_color=\u00bbrgba(255,255,255,0.7)\u00bb hover_icon=\u00bb%%51%%\u00bb align=\u00bbcenter\u00bb align_tablet=\u00bbcenter\u00bb align_last_edited=\u00bbon|desktop\u00bb _builder_version=\u00bb4.3.2&#8243; vertical_offset_tablet=\u00bb0&#8243; horizontal_offset_tablet=\u00bb0&#8243; max_width=\u00bb600px\u00bb hover_enabled=\u00bb0&#8243; z_index_tablet=\u00bb0&#8243; box_shadow_horizontal_tablet=\u00bb0px\u00bb box_shadow_vertical_tablet=\u00bb0px\u00bb box_shadow_blur_tablet=\u00bb40px\u00bb box_shadow_spread_tablet=\u00bb0px\u00bb use_border_color=\u00bboff\u00bb border_color=\u00bb#ffffff\u00bb border_style=\u00bbsolid\u00bb animation=\u00bboff\u00bb sticky=\u00bboff\u00bb]\n<p>&nbsp;<\/p>\n<p>&nbsp;<\/p>\n[\/et_pb_image][\/et_pb_column][\/et_pb_row][\/et_pb_section]\n","protected":false},"excerpt":{"rendered":"<p>Basadas en una tradici\u00f3n que se remonta al 1484, en la cual la Virgen se aparece a un pastor en el interior del castillo de Agres. Seg\u00fan cuenta la historia, [&hellip;]<\/p>\n","protected":false},"author":1,"featured_media":29287,"comment_status":"closed","ping_status":"open","sticky":false,"template":"","format":"standard","meta":{"_et_pb_use_builder":"on","_et_pb_old_content":"","_et_gb_content_width":"","footnotes":""},"categories":[178,174],"tags":[],"class_list":["post-62375","post","type-post","status-publish","format-standard","has-post-thumbnail","hentry","category-fiestas-es","category-turismo"],"yoast_head":"<!-- This site is optimized with the Yoast SEO plugin v26.9 - https:\/\/yoast.com\/product\/yoast-seo-wordpress\/ -->\n<title>Fiestas del \u201cPastoret\u201d o de la \u201cMare de Deu d\u2019Agres\u201d - Agres<\/title>\n<meta name=\"robots\" content=\"index, follow, max-snippet:-1, max-image-preview:large, max-video-preview:-1\" \/>\n<link rel=\"canonical\" href=\"https:\/\/www.agres.es\/es\/fiestas-del-pastoret-o-de-la-mare-de-deu-dagres\/\" \/>\n<meta property=\"og:locale\" content=\"es_ES\" \/>\n<meta property=\"og:type\" content=\"article\" \/>\n<meta property=\"og:title\" content=\"Fiestas del \u201cPastoret\u201d o de la \u201cMare de Deu d\u2019Agres\u201d - Agres\" \/>\n<meta property=\"og:description\" content=\"Basadas en una tradici\u00f3n que se remonta al 1484, en la cual la Virgen se aparece a un pastor en el interior del castillo de Agres. Seg\u00fan cuenta la historia, [&hellip;]\" \/>\n<meta property=\"og:url\" content=\"https:\/\/www.agres.es\/es\/fiestas-del-pastoret-o-de-la-mare-de-deu-dagres\/\" \/>\n<meta property=\"og:site_name\" content=\"Agres\" \/>\n<meta property=\"article:published_time\" content=\"2021-03-15T04:50:26+00:00\" \/>\n<meta property=\"article:modified_time\" content=\"2021-03-22T12:12:19+00:00\" \/>\n<meta property=\"og:image\" content=\"https:\/\/www.agres.es\/wp-content\/uploads\/2017\/05\/fiestas-pastoret.jpg\" \/>\n\t<meta property=\"og:image:width\" content=\"453\" \/>\n\t<meta property=\"og:image:height\" content=\"604\" \/>\n\t<meta property=\"og:image:type\" content=\"image\/jpeg\" \/>\n<meta name=\"author\" content=\"heroe\" \/>\n<meta name=\"twitter:card\" content=\"summary_large_image\" \/>\n<meta name=\"twitter:label1\" content=\"Escrito por\" \/>\n\t<meta name=\"twitter:data1\" content=\"heroe\" \/>\n\t<meta name=\"twitter:label2\" content=\"Tiempo de lectura\" \/>\n\t<meta name=\"twitter:data2\" content=\"8 minutos\" \/>\n<script type=\"application\/ld+json\" class=\"yoast-schema-graph\">{\"@context\":\"https:\/\/schema.org\",\"@graph\":[{\"@type\":\"Article\",\"@id\":\"https:\/\/www.agres.es\/es\/fiestas-del-pastoret-o-de-la-mare-de-deu-dagres\/#article\",\"isPartOf\":{\"@id\":\"https:\/\/www.agres.es\/es\/fiestas-del-pastoret-o-de-la-mare-de-deu-dagres\/\"},\"author\":{\"name\":\"heroe\",\"@id\":\"https:\/\/www.agres.es\/es\/#\/schema\/person\/e83bc060ff273aef9a1b3ba5df65f157\"},\"headline\":\"Fiestas del \u201cPastoret\u201d o de la \u201cMare de Deu d\u2019Agres\u201d\",\"datePublished\":\"2021-03-15T04:50:26+00:00\",\"dateModified\":\"2021-03-22T12:12:19+00:00\",\"mainEntityOfPage\":{\"@id\":\"https:\/\/www.agres.es\/es\/fiestas-del-pastoret-o-de-la-mare-de-deu-dagres\/\"},\"wordCount\":1658,\"image\":{\"@id\":\"https:\/\/www.agres.es\/es\/fiestas-del-pastoret-o-de-la-mare-de-deu-dagres\/#primaryimage\"},\"thumbnailUrl\":\"https:\/\/www.agres.es\/wp-content\/uploads\/2017\/05\/fiestas-pastoret.jpg\",\"articleSection\":[\"Fiestas\",\"Turismo\"],\"inLanguage\":\"es\"},{\"@type\":\"WebPage\",\"@id\":\"https:\/\/www.agres.es\/es\/fiestas-del-pastoret-o-de-la-mare-de-deu-dagres\/\",\"url\":\"https:\/\/www.agres.es\/es\/fiestas-del-pastoret-o-de-la-mare-de-deu-dagres\/\",\"name\":\"Fiestas del \u201cPastoret\u201d o de la \u201cMare de Deu d\u2019Agres\u201d - Agres\",\"isPartOf\":{\"@id\":\"https:\/\/www.agres.es\/es\/#website\"},\"primaryImageOfPage\":{\"@id\":\"https:\/\/www.agres.es\/es\/fiestas-del-pastoret-o-de-la-mare-de-deu-dagres\/#primaryimage\"},\"image\":{\"@id\":\"https:\/\/www.agres.es\/es\/fiestas-del-pastoret-o-de-la-mare-de-deu-dagres\/#primaryimage\"},\"thumbnailUrl\":\"https:\/\/www.agres.es\/wp-content\/uploads\/2017\/05\/fiestas-pastoret.jpg\",\"datePublished\":\"2021-03-15T04:50:26+00:00\",\"dateModified\":\"2021-03-22T12:12:19+00:00\",\"author\":{\"@id\":\"https:\/\/www.agres.es\/es\/#\/schema\/person\/e83bc060ff273aef9a1b3ba5df65f157\"},\"breadcrumb\":{\"@id\":\"https:\/\/www.agres.es\/es\/fiestas-del-pastoret-o-de-la-mare-de-deu-dagres\/#breadcrumb\"},\"inLanguage\":\"es\",\"potentialAction\":[{\"@type\":\"ReadAction\",\"target\":[\"https:\/\/www.agres.es\/es\/fiestas-del-pastoret-o-de-la-mare-de-deu-dagres\/\"]}]},{\"@type\":\"ImageObject\",\"inLanguage\":\"es\",\"@id\":\"https:\/\/www.agres.es\/es\/fiestas-del-pastoret-o-de-la-mare-de-deu-dagres\/#primaryimage\",\"url\":\"https:\/\/www.agres.es\/wp-content\/uploads\/2017\/05\/fiestas-pastoret.jpg\",\"contentUrl\":\"https:\/\/www.agres.es\/wp-content\/uploads\/2017\/05\/fiestas-pastoret.jpg\",\"width\":453,\"height\":604,\"caption\":\"fiestas pastoret\"},{\"@type\":\"BreadcrumbList\",\"@id\":\"https:\/\/www.agres.es\/es\/fiestas-del-pastoret-o-de-la-mare-de-deu-dagres\/#breadcrumb\",\"itemListElement\":[{\"@type\":\"ListItem\",\"position\":1,\"name\":\"Inicio\",\"item\":\"https:\/\/www.agres.es\/es\/\"},{\"@type\":\"ListItem\",\"position\":2,\"name\":\"Fiestas del \u201cPastoret\u201d o de la \u201cMare de Deu d\u2019Agres\u201d\"}]},{\"@type\":\"WebSite\",\"@id\":\"https:\/\/www.agres.es\/es\/#website\",\"url\":\"https:\/\/www.agres.es\/es\/\",\"name\":\"Agres\",\"description\":\"Ayuntamiento de la Vila de Agres\",\"potentialAction\":[{\"@type\":\"SearchAction\",\"target\":{\"@type\":\"EntryPoint\",\"urlTemplate\":\"https:\/\/www.agres.es\/es\/?s={search_term_string}\"},\"query-input\":{\"@type\":\"PropertyValueSpecification\",\"valueRequired\":true,\"valueName\":\"search_term_string\"}}],\"inLanguage\":\"es\"},{\"@type\":\"Person\",\"@id\":\"https:\/\/www.agres.es\/es\/#\/schema\/person\/e83bc060ff273aef9a1b3ba5df65f157\",\"name\":\"heroe\"}]}<\/script>\n<!-- \/ Yoast SEO plugin. -->","yoast_head_json":{"title":"Fiestas del \u201cPastoret\u201d o de la \u201cMare de Deu d\u2019Agres\u201d - Agres","robots":{"index":"index","follow":"follow","max-snippet":"max-snippet:-1","max-image-preview":"max-image-preview:large","max-video-preview":"max-video-preview:-1"},"canonical":"https:\/\/www.agres.es\/es\/fiestas-del-pastoret-o-de-la-mare-de-deu-dagres\/","og_locale":"es_ES","og_type":"article","og_title":"Fiestas del \u201cPastoret\u201d o de la \u201cMare de Deu d\u2019Agres\u201d - Agres","og_description":"Basadas en una tradici\u00f3n que se remonta al 1484, en la cual la Virgen se aparece a un pastor en el interior del castillo de Agres. Seg\u00fan cuenta la historia, [&hellip;]","og_url":"https:\/\/www.agres.es\/es\/fiestas-del-pastoret-o-de-la-mare-de-deu-dagres\/","og_site_name":"Agres","article_published_time":"2021-03-15T04:50:26+00:00","article_modified_time":"2021-03-22T12:12:19+00:00","og_image":[{"width":453,"height":604,"url":"https:\/\/www.agres.es\/wp-content\/uploads\/2017\/05\/fiestas-pastoret.jpg","type":"image\/jpeg"}],"author":"heroe","twitter_card":"summary_large_image","twitter_misc":{"Escrito por":"heroe","Tiempo de lectura":"8 minutos"},"schema":{"@context":"https:\/\/schema.org","@graph":[{"@type":"Article","@id":"https:\/\/www.agres.es\/es\/fiestas-del-pastoret-o-de-la-mare-de-deu-dagres\/#article","isPartOf":{"@id":"https:\/\/www.agres.es\/es\/fiestas-del-pastoret-o-de-la-mare-de-deu-dagres\/"},"author":{"name":"heroe","@id":"https:\/\/www.agres.es\/es\/#\/schema\/person\/e83bc060ff273aef9a1b3ba5df65f157"},"headline":"Fiestas del \u201cPastoret\u201d o de la \u201cMare de Deu d\u2019Agres\u201d","datePublished":"2021-03-15T04:50:26+00:00","dateModified":"2021-03-22T12:12:19+00:00","mainEntityOfPage":{"@id":"https:\/\/www.agres.es\/es\/fiestas-del-pastoret-o-de-la-mare-de-deu-dagres\/"},"wordCount":1658,"image":{"@id":"https:\/\/www.agres.es\/es\/fiestas-del-pastoret-o-de-la-mare-de-deu-dagres\/#primaryimage"},"thumbnailUrl":"https:\/\/www.agres.es\/wp-content\/uploads\/2017\/05\/fiestas-pastoret.jpg","articleSection":["Fiestas","Turismo"],"inLanguage":"es"},{"@type":"WebPage","@id":"https:\/\/www.agres.es\/es\/fiestas-del-pastoret-o-de-la-mare-de-deu-dagres\/","url":"https:\/\/www.agres.es\/es\/fiestas-del-pastoret-o-de-la-mare-de-deu-dagres\/","name":"Fiestas del \u201cPastoret\u201d o de la \u201cMare de Deu d\u2019Agres\u201d - Agres","isPartOf":{"@id":"https:\/\/www.agres.es\/es\/#website"},"primaryImageOfPage":{"@id":"https:\/\/www.agres.es\/es\/fiestas-del-pastoret-o-de-la-mare-de-deu-dagres\/#primaryimage"},"image":{"@id":"https:\/\/www.agres.es\/es\/fiestas-del-pastoret-o-de-la-mare-de-deu-dagres\/#primaryimage"},"thumbnailUrl":"https:\/\/www.agres.es\/wp-content\/uploads\/2017\/05\/fiestas-pastoret.jpg","datePublished":"2021-03-15T04:50:26+00:00","dateModified":"2021-03-22T12:12:19+00:00","author":{"@id":"https:\/\/www.agres.es\/es\/#\/schema\/person\/e83bc060ff273aef9a1b3ba5df65f157"},"breadcrumb":{"@id":"https:\/\/www.agres.es\/es\/fiestas-del-pastoret-o-de-la-mare-de-deu-dagres\/#breadcrumb"},"inLanguage":"es","potentialAction":[{"@type":"ReadAction","target":["https:\/\/www.agres.es\/es\/fiestas-del-pastoret-o-de-la-mare-de-deu-dagres\/"]}]},{"@type":"ImageObject","inLanguage":"es","@id":"https:\/\/www.agres.es\/es\/fiestas-del-pastoret-o-de-la-mare-de-deu-dagres\/#primaryimage","url":"https:\/\/www.agres.es\/wp-content\/uploads\/2017\/05\/fiestas-pastoret.jpg","contentUrl":"https:\/\/www.agres.es\/wp-content\/uploads\/2017\/05\/fiestas-pastoret.jpg","width":453,"height":604,"caption":"fiestas pastoret"},{"@type":"BreadcrumbList","@id":"https:\/\/www.agres.es\/es\/fiestas-del-pastoret-o-de-la-mare-de-deu-dagres\/#breadcrumb","itemListElement":[{"@type":"ListItem","position":1,"name":"Inicio","item":"https:\/\/www.agres.es\/es\/"},{"@type":"ListItem","position":2,"name":"Fiestas del \u201cPastoret\u201d o de la \u201cMare de Deu d\u2019Agres\u201d"}]},{"@type":"WebSite","@id":"https:\/\/www.agres.es\/es\/#website","url":"https:\/\/www.agres.es\/es\/","name":"Agres","description":"Ayuntamiento de la Vila de Agres","potentialAction":[{"@type":"SearchAction","target":{"@type":"EntryPoint","urlTemplate":"https:\/\/www.agres.es\/es\/?s={search_term_string}"},"query-input":{"@type":"PropertyValueSpecification","valueRequired":true,"valueName":"search_term_string"}}],"inLanguage":"es"},{"@type":"Person","@id":"https:\/\/www.agres.es\/es\/#\/schema\/person\/e83bc060ff273aef9a1b3ba5df65f157","name":"heroe"}]}},"_links":{"self":[{"href":"https:\/\/www.agres.es\/es\/wp-json\/wp\/v2\/posts\/62375","targetHints":{"allow":["GET"]}}],"collection":[{"href":"https:\/\/www.agres.es\/es\/wp-json\/wp\/v2\/posts"}],"about":[{"href":"https:\/\/www.agres.es\/es\/wp-json\/wp\/v2\/types\/post"}],"author":[{"embeddable":true,"href":"https:\/\/www.agres.es\/es\/wp-json\/wp\/v2\/users\/1"}],"replies":[{"embeddable":true,"href":"https:\/\/www.agres.es\/es\/wp-json\/wp\/v2\/comments?post=62375"}],"version-history":[{"count":0,"href":"https:\/\/www.agres.es\/es\/wp-json\/wp\/v2\/posts\/62375\/revisions"}],"wp:featuredmedia":[{"embeddable":true,"href":"https:\/\/www.agres.es\/es\/wp-json\/wp\/v2\/media\/29287"}],"wp:attachment":[{"href":"https:\/\/www.agres.es\/es\/wp-json\/wp\/v2\/media?parent=62375"}],"wp:term":[{"taxonomy":"category","embeddable":true,"href":"https:\/\/www.agres.es\/es\/wp-json\/wp\/v2\/categories?post=62375"},{"taxonomy":"post_tag","embeddable":true,"href":"https:\/\/www.agres.es\/es\/wp-json\/wp\/v2\/tags?post=62375"}],"curies":[{"name":"wp","href":"https:\/\/api.w.org\/{rel}","templated":true}]}}