{"id":62382,"date":"2021-03-10T07:17:03","date_gmt":"2021-03-10T06:17:03","guid":{"rendered":"https:\/\/www.agres.es\/fiestas-de-san-miguel\/"},"modified":"2021-03-22T13:12:22","modified_gmt":"2021-03-22T12:12:22","slug":"fiestas-de-san-miguel","status":"publish","type":"post","link":"https:\/\/www.agres.es\/es\/fiestas-de-san-miguel\/","title":{"rendered":"Fiestas de San Miguel"},"content":{"rendered":"[et_pb_section bb_built=\u00bb1&#8243; admin_label=\u00bbAbout Recipe\u00bb custom_padding_last_edited=\u00bbon|desktop\u00bb next_background_color=\u00bb#f3f3f3&#8243; _builder_version=\u00bb4.3.2&#8243; background_enable_color=\u00bboff\u00bb background_enable_image=\u00bboff\u00bb custom_padding=\u00bb||6px|||\u00bb custom_padding_tablet=\u00bb||0px|\u00bb hover_enabled=\u00bb0&#8243;][et_pb_row _builder_version=\u00bb3.25&#8243; background_size=\u00bbinitial\u00bb background_position=\u00bbtop_left\u00bb background_repeat=\u00bbrepeat\u00bb hover_enabled=\u00bb0&#8243;][et_pb_column type=\u00bb4_4&#8243; _builder_version=\u00bb3.25&#8243; custom_padding=\u00bb|||\u00bb hover_enabled=\u00bb0&#8243; custom_padding__hover=\u00bb|||\u00bb][et_pb_text admin_label=\u00bbTextFiestas\u00bb _builder_version=\u00bb4.9.2&#8243; vertical_offset_tablet=\u00bb0&#8243; horizontal_offset_tablet=\u00bb0&#8243; hover_enabled=\u00bb0&#8243; z_index_tablet=\u00bb0&#8243; text_text_shadow_horizontal_length=\u00bbtext_text_shadow_style,%91object Object%93&#8243; text_text_shadow_vertical_length=\u00bbtext_text_shadow_style,%91object Object%93&#8243; text_text_shadow_blur_strength=\u00bbtext_text_shadow_style,%91object Object%93&#8243; text_text_shadow_horizontal_length_tablet=\u00bb0px\u00bb text_text_shadow_vertical_length_tablet=\u00bb0px\u00bb text_text_shadow_blur_strength_tablet=\u00bb1px\u00bb link_text_shadow_horizontal_length=\u00bblink_text_shadow_style,%91object Object%93&#8243; link_text_shadow_vertical_length=\u00bblink_text_shadow_style,%91object Object%93&#8243; link_text_shadow_blur_strength=\u00bblink_text_shadow_style,%91object Object%93&#8243; link_text_shadow_horizontal_length_tablet=\u00bb0px\u00bb link_text_shadow_vertical_length_tablet=\u00bb0px\u00bb link_text_shadow_blur_strength_tablet=\u00bb1px\u00bb ul_text_shadow_horizontal_length=\u00bbul_text_shadow_style,%91object Object%93&#8243; ul_text_shadow_vertical_length=\u00bbul_text_shadow_style,%91object Object%93&#8243; ul_text_shadow_blur_strength=\u00bbul_text_shadow_style,%91object Object%93&#8243; ul_text_shadow_horizontal_length_tablet=\u00bb0px\u00bb ul_text_shadow_vertical_length_tablet=\u00bb0px\u00bb ul_text_shadow_blur_strength_tablet=\u00bb1px\u00bb ol_text_shadow_horizontal_length=\u00bbol_text_shadow_style,%91object Object%93&#8243; ol_text_shadow_vertical_length=\u00bbol_text_shadow_style,%91object Object%93&#8243; ol_text_shadow_blur_strength=\u00bbol_text_shadow_style,%91object Object%93&#8243; ol_text_shadow_horizontal_length_tablet=\u00bb0px\u00bb ol_text_shadow_vertical_length_tablet=\u00bb0px\u00bb ol_text_shadow_blur_strength_tablet=\u00bb1px\u00bb quote_text_shadow_horizontal_length=\u00bbquote_text_shadow_style,%91object Object%93&#8243; quote_text_shadow_vertical_length=\u00bbquote_text_shadow_style,%91object Object%93&#8243; quote_text_shadow_blur_strength=\u00bbquote_text_shadow_style,%91object Object%93&#8243; quote_text_shadow_horizontal_length_tablet=\u00bb0px\u00bb quote_text_shadow_vertical_length_tablet=\u00bb0px\u00bb quote_text_shadow_blur_strength_tablet=\u00bb1px\u00bb header_text_shadow_horizontal_length=\u00bbheader_text_shadow_style,%91object Object%93&#8243; header_text_shadow_vertical_length=\u00bbheader_text_shadow_style,%91object Object%93&#8243; header_text_shadow_blur_strength=\u00bbheader_text_shadow_style,%91object Object%93&#8243; header_text_shadow_horizontal_length_tablet=\u00bb0px\u00bb header_text_shadow_vertical_length_tablet=\u00bb0px\u00bb header_text_shadow_blur_strength_tablet=\u00bb1px\u00bb header_2_text_shadow_horizontal_length=\u00bbheader_2_text_shadow_style,%91object Object%93&#8243; header_2_text_shadow_vertical_length=\u00bbheader_2_text_shadow_style,%91object Object%93&#8243; header_2_text_shadow_blur_strength=\u00bbheader_2_text_shadow_style,%91object Object%93&#8243; header_2_text_shadow_horizontal_length_tablet=\u00bb0px\u00bb header_2_text_shadow_vertical_length_tablet=\u00bb0px\u00bb header_2_text_shadow_blur_strength_tablet=\u00bb1px\u00bb header_3_text_shadow_horizontal_length=\u00bbheader_3_text_shadow_style,%91object Object%93&#8243; header_3_text_shadow_vertical_length=\u00bbheader_3_text_shadow_style,%91object Object%93&#8243; header_3_text_shadow_blur_strength=\u00bbheader_3_text_shadow_style,%91object Object%93&#8243; header_3_text_shadow_horizontal_length_tablet=\u00bb0px\u00bb header_3_text_shadow_vertical_length_tablet=\u00bb0px\u00bb header_3_text_shadow_blur_strength_tablet=\u00bb1px\u00bb header_4_text_shadow_horizontal_length=\u00bbheader_4_text_shadow_style,%91object Object%93&#8243; header_4_text_shadow_vertical_length=\u00bbheader_4_text_shadow_style,%91object Object%93&#8243; header_4_text_shadow_blur_strength=\u00bbheader_4_text_shadow_style,%91object Object%93&#8243; header_4_text_shadow_horizontal_length_tablet=\u00bb0px\u00bb header_4_text_shadow_vertical_length_tablet=\u00bb0px\u00bb header_4_text_shadow_blur_strength_tablet=\u00bb1px\u00bb header_5_text_shadow_horizontal_length=\u00bbheader_5_text_shadow_style,%91object Object%93&#8243; header_5_text_shadow_vertical_length=\u00bbheader_5_text_shadow_style,%91object Object%93&#8243; header_5_text_shadow_blur_strength=\u00bbheader_5_text_shadow_style,%91object Object%93&#8243; header_5_text_shadow_horizontal_length_tablet=\u00bb0px\u00bb header_5_text_shadow_vertical_length_tablet=\u00bb0px\u00bb header_5_text_shadow_blur_strength_tablet=\u00bb1px\u00bb header_6_text_shadow_horizontal_length=\u00bbheader_6_text_shadow_style,%91object Object%93&#8243; header_6_text_shadow_vertical_length=\u00bbheader_6_text_shadow_style,%91object Object%93&#8243; header_6_text_shadow_blur_strength=\u00bbheader_6_text_shadow_style,%91object Object%93&#8243; header_6_text_shadow_horizontal_length_tablet=\u00bb0px\u00bb header_6_text_shadow_vertical_length_tablet=\u00bb0px\u00bb header_6_text_shadow_blur_strength_tablet=\u00bb1px\u00bb box_shadow_horizontal_tablet=\u00bb0px\u00bb box_shadow_vertical_tablet=\u00bb0px\u00bb box_shadow_blur_tablet=\u00bb40px\u00bb box_shadow_spread_tablet=\u00bb0px\u00bb use_border_color=\u00bboff\u00bb border_color=\u00bb#ffffff\u00bb border_style=\u00bbsolid\u00bb]\n<p>Basadas en una tradici\u00f3n religiosa, se realizan los d\u00edas 28 y 29 de septiembre. Son unas fiestas dedicadas al patr\u00f3n del pueblo que estaban perdi\u00e9ndose y desde hace unos 20 a\u00f1os, est\u00e1n recuperando su esplendor desconocido hasta ahora por el pueblo de Agres, gracias a los festeros de San Miguel.<\/p>\n[\/et_pb_text][\/et_pb_column][\/et_pb_row][\/et_pb_section][et_pb_section bb_built=\u00bb1&#8243; admin_label=\u00bbInstructions\u00bb prev_background_color=\u00bb#ffffff\u00bb _builder_version=\u00bb4.7.7&#8243; background_color=\u00bb#f3f3f3&#8243; background_enable_image=\u00bboff\u00bb background_size=\u00bbcontain\u00bb custom_padding=\u00bb60px||60px||false|false\u00bb top_divider_style=\u00bbarrow3&#8243; bottom_divider_style=\u00bbarrow3&#8243; hover_enabled=\u00bb0&#8243;][et_pb_row column_structure=\u00bb1_4,1_4,1_4,1_4&#8243; _builder_version=\u00bb4.7.7&#8243; background_size=\u00bbinitial\u00bb background_position=\u00bbtop_left\u00bb background_repeat=\u00bbrepeat\u00bb hover_enabled=\u00bb0&#8243;][et_pb_column type=\u00bb1_4&#8243; _builder_version=\u00bb3.25&#8243; custom_padding=\u00bb|||\u00bb hover_enabled=\u00bb0&#8243; custom_padding__hover=\u00bb|||\u00bb][et_pb_image admin_label=\u00bbImgFiestas\u00bb show_in_lightbox=\u00bbon\u00bb use_overlay=\u00bbon\u00bb overlay_icon_color=\u00bb#363c91&#8243; hover_overlay_color=\u00bbrgba(255,255,255,0.7)\u00bb hover_icon=\u00bb%%51%%\u00bb align=\u00bbcenter\u00bb align_tablet=\u00bbcenter\u00bb align_last_edited=\u00bbon|desktop\u00bb _builder_version=\u00bb4.9.2&#8243; vertical_offset_tablet=\u00bb0&#8243; horizontal_offset_tablet=\u00bb0&#8243; max_width=\u00bb600px\u00bb hover_enabled=\u00bb0&#8243; z_index_tablet=\u00bb0&#8243; box_shadow_horizontal_tablet=\u00bb0px\u00bb box_shadow_vertical_tablet=\u00bb0px\u00bb box_shadow_blur_tablet=\u00bb40px\u00bb box_shadow_spread_tablet=\u00bb0px\u00bb use_border_color=\u00bboff\u00bb border_color=\u00bb#ffffff\u00bb border_style=\u00bbsolid\u00bb animation=\u00bboff\u00bb sticky=\u00bboff\u00bb src=\u00bbhttps:\/\/www.agres.es\/wp-content\/uploads\/2017\/05\/Fiestas-de-San-Miguel.jpg\u00bb]\n<p>&nbsp;<\/p>\n<p>&nbsp;<\/p>\n[\/et_pb_image][\/et_pb_column][et_pb_column type=\u00bb1_4&#8243; _builder_version=\u00bb3.25&#8243; custom_padding=\u00bb|||\u00bb hover_enabled=\u00bb0&#8243; custom_padding__hover=\u00bb|||\u00bb][et_pb_image show_in_lightbox=\u00bbon\u00bb use_overlay=\u00bbon\u00bb overlay_icon_color=\u00bb#363c91&#8243; hover_overlay_color=\u00bbrgba(255,255,255,0.7)\u00bb hover_icon=\u00bb%%51%%\u00bb align=\u00bbcenter\u00bb align_tablet=\u00bbcenter\u00bb align_last_edited=\u00bbon|desktop\u00bb _builder_version=\u00bb4.8.0&#8243; vertical_offset_tablet=\u00bb0&#8243; horizontal_offset_tablet=\u00bb0&#8243; max_width=\u00bb600px\u00bb hover_enabled=\u00bb0&#8243; z_index_tablet=\u00bb0&#8243; box_shadow_horizontal_tablet=\u00bb0px\u00bb box_shadow_vertical_tablet=\u00bb0px\u00bb box_shadow_blur_tablet=\u00bb40px\u00bb box_shadow_spread_tablet=\u00bb0px\u00bb use_border_color=\u00bboff\u00bb border_color=\u00bb#ffffff\u00bb border_style=\u00bbsolid\u00bb animation=\u00bboff\u00bb sticky=\u00bboff\u00bb]\n<p>&nbsp;<\/p>\n<p>&nbsp;<\/p>\n[\/et_pb_image][\/et_pb_column][et_pb_column type=\u00bb1_4&#8243; _builder_version=\u00bb3.25&#8243; custom_padding=\u00bb|||\u00bb hover_enabled=\u00bb0&#8243; custom_padding__hover=\u00bb|||\u00bb][et_pb_image show_in_lightbox=\u00bbon\u00bb use_overlay=\u00bbon\u00bb overlay_icon_color=\u00bb#363c91&#8243; hover_overlay_color=\u00bbrgba(255,255,255,0.7)\u00bb hover_icon=\u00bb%%51%%\u00bb align=\u00bbcenter\u00bb align_tablet=\u00bbcenter\u00bb align_last_edited=\u00bbon|desktop\u00bb _builder_version=\u00bb4.8.0&#8243; vertical_offset_tablet=\u00bb0&#8243; horizontal_offset_tablet=\u00bb0&#8243; max_width=\u00bb600px\u00bb hover_enabled=\u00bb0&#8243; z_index_tablet=\u00bb0&#8243; box_shadow_horizontal_tablet=\u00bb0px\u00bb box_shadow_vertical_tablet=\u00bb0px\u00bb box_shadow_blur_tablet=\u00bb40px\u00bb box_shadow_spread_tablet=\u00bb0px\u00bb use_border_color=\u00bboff\u00bb border_color=\u00bb#ffffff\u00bb border_style=\u00bbsolid\u00bb animation=\u00bboff\u00bb sticky=\u00bboff\u00bb]\n<p>&nbsp;<\/p>\n<p>&nbsp;<\/p>\n[\/et_pb_image][\/et_pb_column][et_pb_column type=\u00bb1_4&#8243; _builder_version=\u00bb3.25&#8243; custom_padding=\u00bb|||\u00bb hover_enabled=\u00bb0&#8243; custom_padding__hover=\u00bb|||\u00bb][et_pb_image show_in_lightbox=\u00bbon\u00bb use_overlay=\u00bbon\u00bb overlay_icon_color=\u00bb#363c91&#8243; hover_overlay_color=\u00bbrgba(255,255,255,0.7)\u00bb hover_icon=\u00bb%%51%%\u00bb align=\u00bbcenter\u00bb align_tablet=\u00bbcenter\u00bb align_last_edited=\u00bbon|desktop\u00bb _builder_version=\u00bb4.3.2&#8243; vertical_offset_tablet=\u00bb0&#8243; horizontal_offset_tablet=\u00bb0&#8243; max_width=\u00bb600px\u00bb hover_enabled=\u00bb0&#8243; z_index_tablet=\u00bb0&#8243; box_shadow_horizontal_tablet=\u00bb0px\u00bb box_shadow_vertical_tablet=\u00bb0px\u00bb box_shadow_blur_tablet=\u00bb40px\u00bb box_shadow_spread_tablet=\u00bb0px\u00bb use_border_color=\u00bboff\u00bb border_color=\u00bb#ffffff\u00bb border_style=\u00bbsolid\u00bb animation=\u00bboff\u00bb sticky=\u00bboff\u00bb]\n<p>&nbsp;<\/p>\n<p>&nbsp;<\/p>\n[\/et_pb_image][\/et_pb_column][\/et_pb_row][\/et_pb_section]\n","protected":false},"excerpt":{"rendered":"<p>Basadas en una tradici\u00f3n religiosa, se realizan los d\u00edas 28 y 29 de septiembre. Son unas fiestas dedicadas al patr\u00f3n del pueblo que estaban perdi\u00e9ndose y desde hace unos 20 [&hellip;]<\/p>\n","protected":false},"author":1,"featured_media":29251,"comment_status":"closed","ping_status":"open","sticky":false,"template":"","format":"standard","meta":{"_et_pb_use_builder":"on","_et_pb_old_content":"","_et_gb_content_width":"","footnotes":""},"categories":[178,174],"tags":[],"class_list":["post-62382","post","type-post","status-publish","format-standard","has-post-thumbnail","hentry","category-fiestas-es","category-turismo"],"yoast_head":"<!-- This site is optimized with the Yoast SEO plugin v26.9 - https:\/\/yoast.com\/product\/yoast-seo-wordpress\/ -->\n<title>Fiestas de San Miguel - Agres<\/title>\n<meta name=\"robots\" content=\"index, follow, max-snippet:-1, max-image-preview:large, max-video-preview:-1\" \/>\n<link rel=\"canonical\" href=\"https:\/\/www.agres.es\/es\/fiestas-de-san-miguel\/\" \/>\n<meta property=\"og:locale\" content=\"es_ES\" \/>\n<meta property=\"og:type\" content=\"article\" \/>\n<meta property=\"og:title\" content=\"Fiestas de San Miguel - Agres\" \/>\n<meta property=\"og:description\" content=\"Basadas en una tradici\u00f3n religiosa, se realizan los d\u00edas 28 y 29 de septiembre. Son unas fiestas dedicadas al patr\u00f3n del pueblo que estaban perdi\u00e9ndose y desde hace unos 20 [&hellip;]\" \/>\n<meta property=\"og:url\" content=\"https:\/\/www.agres.es\/es\/fiestas-de-san-miguel\/\" \/>\n<meta property=\"og:site_name\" content=\"Agres\" \/>\n<meta property=\"article:published_time\" content=\"2021-03-10T06:17:03+00:00\" \/>\n<meta property=\"article:modified_time\" content=\"2021-03-22T12:12:22+00:00\" \/>\n<meta property=\"og:image\" content=\"https:\/\/www.agres.es\/wp-content\/uploads\/2017\/05\/Fiestas-de-San-Miguel.jpg\" \/>\n\t<meta property=\"og:image:width\" content=\"490\" \/>\n\t<meta property=\"og:image:height\" content=\"603\" \/>\n\t<meta property=\"og:image:type\" content=\"image\/jpeg\" \/>\n<meta name=\"author\" content=\"heroe\" \/>\n<meta name=\"twitter:card\" content=\"summary_large_image\" \/>\n<meta name=\"twitter:label1\" content=\"Escrito por\" \/>\n\t<meta name=\"twitter:data1\" content=\"heroe\" \/>\n\t<meta name=\"twitter:label2\" content=\"Tiempo de lectura\" \/>\n\t<meta name=\"twitter:data2\" content=\"6 minutos\" \/>\n<script type=\"application\/ld+json\" class=\"yoast-schema-graph\">{\"@context\":\"https:\/\/schema.org\",\"@graph\":[{\"@type\":\"Article\",\"@id\":\"https:\/\/www.agres.es\/es\/fiestas-de-san-miguel\/#article\",\"isPartOf\":{\"@id\":\"https:\/\/www.agres.es\/es\/fiestas-de-san-miguel\/\"},\"author\":{\"name\":\"heroe\",\"@id\":\"https:\/\/www.agres.es\/es\/#\/schema\/person\/e83bc060ff273aef9a1b3ba5df65f157\"},\"headline\":\"Fiestas de San Miguel\",\"datePublished\":\"2021-03-10T06:17:03+00:00\",\"dateModified\":\"2021-03-22T12:12:22+00:00\",\"mainEntityOfPage\":{\"@id\":\"https:\/\/www.agres.es\/es\/fiestas-de-san-miguel\/\"},\"wordCount\":1265,\"image\":{\"@id\":\"https:\/\/www.agres.es\/es\/fiestas-de-san-miguel\/#primaryimage\"},\"thumbnailUrl\":\"https:\/\/www.agres.es\/wp-content\/uploads\/2017\/05\/Fiestas-de-San-Miguel.jpg\",\"articleSection\":[\"Fiestas\",\"Turismo\"],\"inLanguage\":\"es\"},{\"@type\":\"WebPage\",\"@id\":\"https:\/\/www.agres.es\/es\/fiestas-de-san-miguel\/\",\"url\":\"https:\/\/www.agres.es\/es\/fiestas-de-san-miguel\/\",\"name\":\"Fiestas de San Miguel - Agres\",\"isPartOf\":{\"@id\":\"https:\/\/www.agres.es\/es\/#website\"},\"primaryImageOfPage\":{\"@id\":\"https:\/\/www.agres.es\/es\/fiestas-de-san-miguel\/#primaryimage\"},\"image\":{\"@id\":\"https:\/\/www.agres.es\/es\/fiestas-de-san-miguel\/#primaryimage\"},\"thumbnailUrl\":\"https:\/\/www.agres.es\/wp-content\/uploads\/2017\/05\/Fiestas-de-San-Miguel.jpg\",\"datePublished\":\"2021-03-10T06:17:03+00:00\",\"dateModified\":\"2021-03-22T12:12:22+00:00\",\"author\":{\"@id\":\"https:\/\/www.agres.es\/es\/#\/schema\/person\/e83bc060ff273aef9a1b3ba5df65f157\"},\"breadcrumb\":{\"@id\":\"https:\/\/www.agres.es\/es\/fiestas-de-san-miguel\/#breadcrumb\"},\"inLanguage\":\"es\",\"potentialAction\":[{\"@type\":\"ReadAction\",\"target\":[\"https:\/\/www.agres.es\/es\/fiestas-de-san-miguel\/\"]}]},{\"@type\":\"ImageObject\",\"inLanguage\":\"es\",\"@id\":\"https:\/\/www.agres.es\/es\/fiestas-de-san-miguel\/#primaryimage\",\"url\":\"https:\/\/www.agres.es\/wp-content\/uploads\/2017\/05\/Fiestas-de-San-Miguel.jpg\",\"contentUrl\":\"https:\/\/www.agres.es\/wp-content\/uploads\/2017\/05\/Fiestas-de-San-Miguel.jpg\",\"width\":490,\"height\":603},{\"@type\":\"BreadcrumbList\",\"@id\":\"https:\/\/www.agres.es\/es\/fiestas-de-san-miguel\/#breadcrumb\",\"itemListElement\":[{\"@type\":\"ListItem\",\"position\":1,\"name\":\"Inicio\",\"item\":\"https:\/\/www.agres.es\/es\/\"},{\"@type\":\"ListItem\",\"position\":2,\"name\":\"Fiestas de San Miguel\"}]},{\"@type\":\"WebSite\",\"@id\":\"https:\/\/www.agres.es\/es\/#website\",\"url\":\"https:\/\/www.agres.es\/es\/\",\"name\":\"Agres\",\"description\":\"Ayuntamiento de la Vila de Agres\",\"potentialAction\":[{\"@type\":\"SearchAction\",\"target\":{\"@type\":\"EntryPoint\",\"urlTemplate\":\"https:\/\/www.agres.es\/es\/?s={search_term_string}\"},\"query-input\":{\"@type\":\"PropertyValueSpecification\",\"valueRequired\":true,\"valueName\":\"search_term_string\"}}],\"inLanguage\":\"es\"},{\"@type\":\"Person\",\"@id\":\"https:\/\/www.agres.es\/es\/#\/schema\/person\/e83bc060ff273aef9a1b3ba5df65f157\",\"name\":\"heroe\"}]}<\/script>\n<!-- \/ Yoast SEO plugin. -->","yoast_head_json":{"title":"Fiestas de San Miguel - Agres","robots":{"index":"index","follow":"follow","max-snippet":"max-snippet:-1","max-image-preview":"max-image-preview:large","max-video-preview":"max-video-preview:-1"},"canonical":"https:\/\/www.agres.es\/es\/fiestas-de-san-miguel\/","og_locale":"es_ES","og_type":"article","og_title":"Fiestas de San Miguel - Agres","og_description":"Basadas en una tradici\u00f3n religiosa, se realizan los d\u00edas 28 y 29 de septiembre. Son unas fiestas dedicadas al patr\u00f3n del pueblo que estaban perdi\u00e9ndose y desde hace unos 20 [&hellip;]","og_url":"https:\/\/www.agres.es\/es\/fiestas-de-san-miguel\/","og_site_name":"Agres","article_published_time":"2021-03-10T06:17:03+00:00","article_modified_time":"2021-03-22T12:12:22+00:00","og_image":[{"width":490,"height":603,"url":"https:\/\/www.agres.es\/wp-content\/uploads\/2017\/05\/Fiestas-de-San-Miguel.jpg","type":"image\/jpeg"}],"author":"heroe","twitter_card":"summary_large_image","twitter_misc":{"Escrito por":"heroe","Tiempo de lectura":"6 minutos"},"schema":{"@context":"https:\/\/schema.org","@graph":[{"@type":"Article","@id":"https:\/\/www.agres.es\/es\/fiestas-de-san-miguel\/#article","isPartOf":{"@id":"https:\/\/www.agres.es\/es\/fiestas-de-san-miguel\/"},"author":{"name":"heroe","@id":"https:\/\/www.agres.es\/es\/#\/schema\/person\/e83bc060ff273aef9a1b3ba5df65f157"},"headline":"Fiestas de San Miguel","datePublished":"2021-03-10T06:17:03+00:00","dateModified":"2021-03-22T12:12:22+00:00","mainEntityOfPage":{"@id":"https:\/\/www.agres.es\/es\/fiestas-de-san-miguel\/"},"wordCount":1265,"image":{"@id":"https:\/\/www.agres.es\/es\/fiestas-de-san-miguel\/#primaryimage"},"thumbnailUrl":"https:\/\/www.agres.es\/wp-content\/uploads\/2017\/05\/Fiestas-de-San-Miguel.jpg","articleSection":["Fiestas","Turismo"],"inLanguage":"es"},{"@type":"WebPage","@id":"https:\/\/www.agres.es\/es\/fiestas-de-san-miguel\/","url":"https:\/\/www.agres.es\/es\/fiestas-de-san-miguel\/","name":"Fiestas de San Miguel - Agres","isPartOf":{"@id":"https:\/\/www.agres.es\/es\/#website"},"primaryImageOfPage":{"@id":"https:\/\/www.agres.es\/es\/fiestas-de-san-miguel\/#primaryimage"},"image":{"@id":"https:\/\/www.agres.es\/es\/fiestas-de-san-miguel\/#primaryimage"},"thumbnailUrl":"https:\/\/www.agres.es\/wp-content\/uploads\/2017\/05\/Fiestas-de-San-Miguel.jpg","datePublished":"2021-03-10T06:17:03+00:00","dateModified":"2021-03-22T12:12:22+00:00","author":{"@id":"https:\/\/www.agres.es\/es\/#\/schema\/person\/e83bc060ff273aef9a1b3ba5df65f157"},"breadcrumb":{"@id":"https:\/\/www.agres.es\/es\/fiestas-de-san-miguel\/#breadcrumb"},"inLanguage":"es","potentialAction":[{"@type":"ReadAction","target":["https:\/\/www.agres.es\/es\/fiestas-de-san-miguel\/"]}]},{"@type":"ImageObject","inLanguage":"es","@id":"https:\/\/www.agres.es\/es\/fiestas-de-san-miguel\/#primaryimage","url":"https:\/\/www.agres.es\/wp-content\/uploads\/2017\/05\/Fiestas-de-San-Miguel.jpg","contentUrl":"https:\/\/www.agres.es\/wp-content\/uploads\/2017\/05\/Fiestas-de-San-Miguel.jpg","width":490,"height":603},{"@type":"BreadcrumbList","@id":"https:\/\/www.agres.es\/es\/fiestas-de-san-miguel\/#breadcrumb","itemListElement":[{"@type":"ListItem","position":1,"name":"Inicio","item":"https:\/\/www.agres.es\/es\/"},{"@type":"ListItem","position":2,"name":"Fiestas de San Miguel"}]},{"@type":"WebSite","@id":"https:\/\/www.agres.es\/es\/#website","url":"https:\/\/www.agres.es\/es\/","name":"Agres","description":"Ayuntamiento de la Vila de Agres","potentialAction":[{"@type":"SearchAction","target":{"@type":"EntryPoint","urlTemplate":"https:\/\/www.agres.es\/es\/?s={search_term_string}"},"query-input":{"@type":"PropertyValueSpecification","valueRequired":true,"valueName":"search_term_string"}}],"inLanguage":"es"},{"@type":"Person","@id":"https:\/\/www.agres.es\/es\/#\/schema\/person\/e83bc060ff273aef9a1b3ba5df65f157","name":"heroe"}]}},"_links":{"self":[{"href":"https:\/\/www.agres.es\/es\/wp-json\/wp\/v2\/posts\/62382","targetHints":{"allow":["GET"]}}],"collection":[{"href":"https:\/\/www.agres.es\/es\/wp-json\/wp\/v2\/posts"}],"about":[{"href":"https:\/\/www.agres.es\/es\/wp-json\/wp\/v2\/types\/post"}],"author":[{"embeddable":true,"href":"https:\/\/www.agres.es\/es\/wp-json\/wp\/v2\/users\/1"}],"replies":[{"embeddable":true,"href":"https:\/\/www.agres.es\/es\/wp-json\/wp\/v2\/comments?post=62382"}],"version-history":[{"count":0,"href":"https:\/\/www.agres.es\/es\/wp-json\/wp\/v2\/posts\/62382\/revisions"}],"wp:featuredmedia":[{"embeddable":true,"href":"https:\/\/www.agres.es\/es\/wp-json\/wp\/v2\/media\/29251"}],"wp:attachment":[{"href":"https:\/\/www.agres.es\/es\/wp-json\/wp\/v2\/media?parent=62382"}],"wp:term":[{"taxonomy":"category","embeddable":true,"href":"https:\/\/www.agres.es\/es\/wp-json\/wp\/v2\/categories?post=62382"},{"taxonomy":"post_tag","embeddable":true,"href":"https:\/\/www.agres.es\/es\/wp-json\/wp\/v2\/tags?post=62382"}],"curies":[{"name":"wp","href":"https:\/\/api.w.org\/{rel}","templated":true}]}}