{"id":62411,"date":"2021-03-17T08:06:44","date_gmt":"2021-03-17T07:06:44","guid":{"rendered":"https:\/\/www.agres.es\/otras-cavas-que-podemos-encontrar-en-el-termino-de-agres\/"},"modified":"2021-03-22T12:10:00","modified_gmt":"2021-03-22T11:10:00","slug":"otras-cavas-que-podemos-encontrar-en-el-termino-de-agres","status":"publish","type":"post","link":"https:\/\/www.agres.es\/es\/otras-cavas-que-podemos-encontrar-en-el-termino-de-agres\/","title":{"rendered":"Otras cavas que podemos encontrar en el t\u00e9rmino de Agres"},"content":{"rendered":"[et_pb_section fb_built=\u00bb1&#8243; custom_padding_last_edited=\u00bbon|desktop\u00bb admin_label=\u00bbAbout Recipe\u00bb _builder_version=\u00bb4.3.2&#8243; background_enable_color=\u00bboff\u00bb background_enable_image=\u00bboff\u00bb custom_padding=\u00bb||6px|||\u00bb custom_padding_tablet=\u00bb||0px|\u00bb custom_padding_phone=\u00bb\u00bb][et_pb_row _builder_version=\u00bb4.8.0&#8243; _module_preset=\u00bbdefault\u00bb][et_pb_column type=\u00bb4_4&#8243; _builder_version=\u00bb4.8.0&#8243; _module_preset=\u00bbdefault\u00bb][et_pb_text admin_label=\u00bbTextPatrimonio\u00bb _builder_version=\u00bb4.9.2&#8243; vertical_offset_tablet=\u00bb0&#8243; horizontal_offset_tablet=\u00bb0&#8243; z_index_tablet=\u00bb0&#8243; text_text_shadow_horizontal_length_tablet=\u00bb0px\u00bb text_text_shadow_vertical_length_tablet=\u00bb0px\u00bb text_text_shadow_blur_strength_tablet=\u00bb1px\u00bb link_text_shadow_horizontal_length_tablet=\u00bb0px\u00bb link_text_shadow_vertical_length_tablet=\u00bb0px\u00bb link_text_shadow_blur_strength_tablet=\u00bb1px\u00bb ul_text_shadow_horizontal_length_tablet=\u00bb0px\u00bb ul_text_shadow_vertical_length_tablet=\u00bb0px\u00bb ul_text_shadow_blur_strength_tablet=\u00bb1px\u00bb ol_text_shadow_horizontal_length_tablet=\u00bb0px\u00bb ol_text_shadow_vertical_length_tablet=\u00bb0px\u00bb ol_text_shadow_blur_strength_tablet=\u00bb1px\u00bb quote_text_shadow_horizontal_length_tablet=\u00bb0px\u00bb quote_text_shadow_vertical_length_tablet=\u00bb0px\u00bb quote_text_shadow_blur_strength_tablet=\u00bb1px\u00bb header_text_shadow_horizontal_length_tablet=\u00bb0px\u00bb header_text_shadow_vertical_length_tablet=\u00bb0px\u00bb header_text_shadow_blur_strength_tablet=\u00bb1px\u00bb header_2_text_shadow_horizontal_length_tablet=\u00bb0px\u00bb header_2_text_shadow_vertical_length_tablet=\u00bb0px\u00bb header_2_text_shadow_blur_strength_tablet=\u00bb1px\u00bb header_3_text_shadow_horizontal_length_tablet=\u00bb0px\u00bb header_3_text_shadow_vertical_length_tablet=\u00bb0px\u00bb header_3_text_shadow_blur_strength_tablet=\u00bb1px\u00bb header_4_text_shadow_horizontal_length_tablet=\u00bb0px\u00bb header_4_text_shadow_vertical_length_tablet=\u00bb0px\u00bb header_4_text_shadow_blur_strength_tablet=\u00bb1px\u00bb header_5_text_shadow_horizontal_length_tablet=\u00bb0px\u00bb header_5_text_shadow_vertical_length_tablet=\u00bb0px\u00bb header_5_text_shadow_blur_strength_tablet=\u00bb1px\u00bb header_6_text_shadow_horizontal_length_tablet=\u00bb0px\u00bb header_6_text_shadow_vertical_length_tablet=\u00bb0px\u00bb header_6_text_shadow_blur_strength_tablet=\u00bb1px\u00bb box_shadow_horizontal_tablet=\u00bb0px\u00bb box_shadow_vertical_tablet=\u00bb0px\u00bb box_shadow_blur_tablet=\u00bb40px\u00bb box_shadow_spread_tablet=\u00bb0px\u00bb use_border_color=\u00bboff\u00bb border_color=\u00bb#ffffff\u00bb border_style=\u00bbsolid\u00bb locked=\u00bboff\u00bb]\n<p><strong>Cava de las Eras:<\/strong> situada a 700 metros de altitud dentro de la poblaci\u00f3n y que fue derruida a mitad del siglo XX .Hoy s\u00f3lo queda el nombre de la calle donde estaban situadas.<br \/>\nCoordenadas U.T.M. 158957 Mapa 821<\/p>\n<p><strong>Cava del Tejo:<\/strong> situada a 1.206 metros de altitud, di\u00e1metro interior de 6 metros y capacidad de 200 metros c\u00fabicos, la cual no conserva su b\u00f3veda.<\/p>\n<p>Coordenadas U.T.M. 170943 Mapa 821<\/p>\n[\/et_pb_text][\/et_pb_column][\/et_pb_row][\/et_pb_section][et_pb_section fb_built=\u00bb1&#8243; prev_background_color=\u00bb#ffffff\u00bb admin_label=\u00bbInstructions\u00bb _builder_version=\u00bb4.8.0&#8243; background_color=\u00bb#f3f3f3&#8243; background_enable_image=\u00bboff\u00bb background_size=\u00bbcontain\u00bb custom_padding=\u00bb60px||60px||false|false\u00bb top_divider_style=\u00bbarrow3&#8243; bottom_divider_style=\u00bbarrow3&#8243; next_background_color=\u00bb#ffffff\u00bb][et_pb_row column_structure=\u00bb1_2,1_2&#8243; _builder_version=\u00bb4.3.2&#8243; background_size=\u00bbinitial\u00bb background_position=\u00bbtop_left\u00bb background_repeat=\u00bbrepeat\u00bb custom_padding=\u00bb5vw||7vw||false|false\u00bb locked=\u00bboff\u00bb][et_pb_column type=\u00bb1_2&#8243; _builder_version=\u00bb4.3.2&#8243; custom_padding=\u00bb|||\u00bb custom_padding__hover=\u00bb|||\u00bb][et_pb_image title_text=\u00bbiglesia_Planes\u00bb show_in_lightbox=\u00bbon\u00bb use_overlay=\u00bbon\u00bb overlay_icon_color=\u00bb#363c91&#8243; hover_overlay_color=\u00bbrgba(255,255,255,0.7)\u00bb hover_icon=\u00bb%%51%%\u00bb align=\u00bbcenter\u00bb align_tablet=\u00bbcenter\u00bb align_phone=\u00bb\u00bb align_last_edited=\u00bbon|desktop\u00bb admin_label=\u00bbImgPatrimonio\u00bb _builder_version=\u00bb4.9.2&#8243; vertical_offset_tablet=\u00bb0&#8243; horizontal_offset_tablet=\u00bb0&#8243; width=\u00bb59%\u00bb z_index_tablet=\u00bb0&#8243; box_shadow_horizontal_tablet=\u00bb0px\u00bb box_shadow_vertical_tablet=\u00bb0px\u00bb box_shadow_blur_tablet=\u00bb40px\u00bb box_shadow_spread_tablet=\u00bb0px\u00bb animation=\u00bboff\u00bb sticky=\u00bboff\u00bb use_border_color=\u00bboff\u00bb border_color=\u00bb#ffffff\u00bb border_style=\u00bbsolid\u00bb locked=\u00bboff\u00bb]\n<p>&nbsp;<\/p>\n<p>&nbsp;<\/p>\n[\/et_pb_image][\/et_pb_column][et_pb_column type=\u00bb1_2&#8243; _builder_version=\u00bb4.3.2&#8243; custom_padding=\u00bb|||\u00bb custom_padding__hover=\u00bb|||\u00bb][et_pb_blurb title=\u00bbVer en el mapa\u00bb url=\u00bbhttps:\/\/goo.gl\/maps\/dszxySV36wjE1jnZ6&#8243; url_new_window=\u00bbon\u00bb use_icon=\u00bbon\u00bb font_icon=\u00bb%%249%%\u00bb icon_color=\u00bbgcid-af4a1f9d-84d2-4363-ba5d-303ec794fd41&#8243; use_icon_font_size=\u00bbon\u00bb icon_font_size=\u00bb37px\u00bb admin_label=\u00bbMapaPatrimonio\u00bb _builder_version=\u00bb4.9.2&#8243; _module_preset=\u00bbdefault\u00bb header_font=\u00bb|600|||||||\u00bb header_text_align=\u00bbcenter\u00bb header_font_size=\u00bb16px\u00bb vertical_offset_tablet=\u00bb0&#8243; horizontal_offset_tablet=\u00bb0&#8243; link_option_url=\u00bbhttps:\/\/goo.gl\/maps\/dszxySV36wjE1jnZ6&#8243; link_option_url_new_window=\u00bbon\u00bb hover_enabled=\u00bb0&#8243; z_index_tablet=\u00bb0&#8243; header_text_shadow_horizontal_length_tablet=\u00bb0px\u00bb header_text_shadow_vertical_length_tablet=\u00bb0px\u00bb header_text_shadow_blur_strength_tablet=\u00bb1px\u00bb body_text_shadow_horizontal_length_tablet=\u00bb0px\u00bb body_text_shadow_vertical_length_tablet=\u00bb0px\u00bb body_text_shadow_blur_strength_tablet=\u00bb1px\u00bb body_link_text_shadow_horizontal_length_tablet=\u00bb0px\u00bb body_link_text_shadow_vertical_length_tablet=\u00bb0px\u00bb body_link_text_shadow_blur_strength_tablet=\u00bb1px\u00bb body_ul_text_shadow_horizontal_length_tablet=\u00bb0px\u00bb body_ul_text_shadow_vertical_length_tablet=\u00bb0px\u00bb body_ul_text_shadow_blur_strength_tablet=\u00bb1px\u00bb body_ol_text_shadow_horizontal_length_tablet=\u00bb0px\u00bb body_ol_text_shadow_vertical_length_tablet=\u00bb0px\u00bb body_ol_text_shadow_blur_strength_tablet=\u00bb1px\u00bb body_quote_text_shadow_horizontal_length_tablet=\u00bb0px\u00bb body_quote_text_shadow_vertical_length_tablet=\u00bb0px\u00bb body_quote_text_shadow_blur_strength_tablet=\u00bb1px\u00bb box_shadow_horizontal_tablet=\u00bb0px\u00bb box_shadow_vertical_tablet=\u00bb0px\u00bb box_shadow_blur_tablet=\u00bb40px\u00bb box_shadow_spread_tablet=\u00bb0px\u00bb box_shadow_horizontal_image_tablet=\u00bb0px\u00bb box_shadow_vertical_image_tablet=\u00bb0px\u00bb box_shadow_blur_image_tablet=\u00bb40px\u00bb box_shadow_spread_image_tablet=\u00bb0px\u00bb text_shadow_horizontal_length_tablet=\u00bb0px\u00bb text_shadow_vertical_length_tablet=\u00bb0px\u00bb text_shadow_blur_strength_tablet=\u00bb1px\u00bb global_colors_info=\u00bb{%22gcid-af4a1f9d-84d2-4363-ba5d-303ec794fd41%22:%91%22icon_color%22%93}\u00bb sticky_enabled=\u00bb0&#8243;][\/et_pb_blurb][\/et_pb_column][\/et_pb_row][\/et_pb_section]\n","protected":false},"excerpt":{"rendered":"<p>Cava de las Eras: situada a 700 metros de altitud dentro de la poblaci\u00f3n y que fue derruida a mitad del siglo XX .Hoy s\u00f3lo queda el nombre de la [&hellip;]<\/p>\n","protected":false},"author":1,"featured_media":30676,"comment_status":"closed","ping_status":"open","sticky":false,"template":"","format":"standard","meta":{"_et_pb_use_builder":"on","_et_pb_old_content":"","_et_gb_content_width":"","footnotes":""},"categories":[184,174],"tags":[],"class_list":["post-62411","post","type-post","status-publish","format-standard","has-post-thumbnail","hentry","category-patrimonio-cultural-es","category-turismo"],"yoast_head":"<!-- This site is optimized with the Yoast SEO plugin v26.9 - https:\/\/yoast.com\/product\/yoast-seo-wordpress\/ -->\n<title>Otras cavas que podemos encontrar en el t\u00e9rmino de Agres - Agres<\/title>\n<meta name=\"robots\" content=\"index, follow, max-snippet:-1, max-image-preview:large, max-video-preview:-1\" \/>\n<link rel=\"canonical\" href=\"https:\/\/www.agres.es\/es\/otras-cavas-que-podemos-encontrar-en-el-termino-de-agres\/\" \/>\n<meta property=\"og:locale\" content=\"es_ES\" \/>\n<meta property=\"og:type\" content=\"article\" \/>\n<meta property=\"og:title\" content=\"Otras cavas que podemos encontrar en el t\u00e9rmino de Agres - Agres\" \/>\n<meta property=\"og:description\" content=\"Cava de las Eras: situada a 700 metros de altitud dentro de la poblaci\u00f3n y que fue derruida a mitad del siglo XX .Hoy s\u00f3lo queda el nombre de la [&hellip;]\" \/>\n<meta property=\"og:url\" content=\"https:\/\/www.agres.es\/es\/otras-cavas-que-podemos-encontrar-en-el-termino-de-agres\/\" \/>\n<meta property=\"og:site_name\" content=\"Agres\" \/>\n<meta property=\"article:published_time\" content=\"2021-03-17T07:06:44+00:00\" \/>\n<meta property=\"article:modified_time\" content=\"2021-03-22T11:10:00+00:00\" \/>\n<meta property=\"og:image\" content=\"https:\/\/www.agres.es\/wp-content\/uploads\/2017\/04\/banner2.jpg\" \/>\n\t<meta property=\"og:image:width\" content=\"1128\" \/>\n\t<meta property=\"og:image:height\" content=\"368\" \/>\n\t<meta property=\"og:image:type\" content=\"image\/jpeg\" \/>\n<meta name=\"author\" content=\"heroe\" \/>\n<meta name=\"twitter:card\" content=\"summary_large_image\" \/>\n<meta name=\"twitter:label1\" content=\"Escrito por\" \/>\n\t<meta name=\"twitter:data1\" content=\"heroe\" \/>\n\t<meta name=\"twitter:label2\" content=\"Tiempo de lectura\" \/>\n\t<meta name=\"twitter:data2\" content=\"5 minutos\" \/>\n<script type=\"application\/ld+json\" class=\"yoast-schema-graph\">{\"@context\":\"https:\/\/schema.org\",\"@graph\":[{\"@type\":\"Article\",\"@id\":\"https:\/\/www.agres.es\/es\/otras-cavas-que-podemos-encontrar-en-el-termino-de-agres\/#article\",\"isPartOf\":{\"@id\":\"https:\/\/www.agres.es\/es\/otras-cavas-que-podemos-encontrar-en-el-termino-de-agres\/\"},\"author\":{\"name\":\"heroe\",\"@id\":\"https:\/\/www.agres.es\/es\/#\/schema\/person\/e83bc060ff273aef9a1b3ba5df65f157\"},\"headline\":\"Otras cavas que podemos encontrar en el t\u00e9rmino de Agres\",\"datePublished\":\"2021-03-17T07:06:44+00:00\",\"dateModified\":\"2021-03-22T11:10:00+00:00\",\"mainEntityOfPage\":{\"@id\":\"https:\/\/www.agres.es\/es\/otras-cavas-que-podemos-encontrar-en-el-termino-de-agres\/\"},\"wordCount\":932,\"image\":{\"@id\":\"https:\/\/www.agres.es\/es\/otras-cavas-que-podemos-encontrar-en-el-termino-de-agres\/#primaryimage\"},\"thumbnailUrl\":\"https:\/\/www.agres.es\/wp-content\/uploads\/2017\/04\/banner2.jpg\",\"articleSection\":[\"Patrimonio cultural\",\"Turismo\"],\"inLanguage\":\"es\"},{\"@type\":\"WebPage\",\"@id\":\"https:\/\/www.agres.es\/es\/otras-cavas-que-podemos-encontrar-en-el-termino-de-agres\/\",\"url\":\"https:\/\/www.agres.es\/es\/otras-cavas-que-podemos-encontrar-en-el-termino-de-agres\/\",\"name\":\"Otras cavas que podemos encontrar en el t\u00e9rmino de Agres - Agres\",\"isPartOf\":{\"@id\":\"https:\/\/www.agres.es\/es\/#website\"},\"primaryImageOfPage\":{\"@id\":\"https:\/\/www.agres.es\/es\/otras-cavas-que-podemos-encontrar-en-el-termino-de-agres\/#primaryimage\"},\"image\":{\"@id\":\"https:\/\/www.agres.es\/es\/otras-cavas-que-podemos-encontrar-en-el-termino-de-agres\/#primaryimage\"},\"thumbnailUrl\":\"https:\/\/www.agres.es\/wp-content\/uploads\/2017\/04\/banner2.jpg\",\"datePublished\":\"2021-03-17T07:06:44+00:00\",\"dateModified\":\"2021-03-22T11:10:00+00:00\",\"author\":{\"@id\":\"https:\/\/www.agres.es\/es\/#\/schema\/person\/e83bc060ff273aef9a1b3ba5df65f157\"},\"breadcrumb\":{\"@id\":\"https:\/\/www.agres.es\/es\/otras-cavas-que-podemos-encontrar-en-el-termino-de-agres\/#breadcrumb\"},\"inLanguage\":\"es\",\"potentialAction\":[{\"@type\":\"ReadAction\",\"target\":[\"https:\/\/www.agres.es\/es\/otras-cavas-que-podemos-encontrar-en-el-termino-de-agres\/\"]}]},{\"@type\":\"ImageObject\",\"inLanguage\":\"es\",\"@id\":\"https:\/\/www.agres.es\/es\/otras-cavas-que-podemos-encontrar-en-el-termino-de-agres\/#primaryimage\",\"url\":\"https:\/\/www.agres.es\/wp-content\/uploads\/2017\/04\/banner2.jpg\",\"contentUrl\":\"https:\/\/www.agres.es\/wp-content\/uploads\/2017\/04\/banner2.jpg\",\"width\":1128,\"height\":368},{\"@type\":\"BreadcrumbList\",\"@id\":\"https:\/\/www.agres.es\/es\/otras-cavas-que-podemos-encontrar-en-el-termino-de-agres\/#breadcrumb\",\"itemListElement\":[{\"@type\":\"ListItem\",\"position\":1,\"name\":\"Inicio\",\"item\":\"https:\/\/www.agres.es\/es\/\"},{\"@type\":\"ListItem\",\"position\":2,\"name\":\"Otras cavas que podemos encontrar en el t\u00e9rmino de Agres\"}]},{\"@type\":\"WebSite\",\"@id\":\"https:\/\/www.agres.es\/es\/#website\",\"url\":\"https:\/\/www.agres.es\/es\/\",\"name\":\"Agres\",\"description\":\"Ayuntamiento de la Vila de Agres\",\"potentialAction\":[{\"@type\":\"SearchAction\",\"target\":{\"@type\":\"EntryPoint\",\"urlTemplate\":\"https:\/\/www.agres.es\/es\/?s={search_term_string}\"},\"query-input\":{\"@type\":\"PropertyValueSpecification\",\"valueRequired\":true,\"valueName\":\"search_term_string\"}}],\"inLanguage\":\"es\"},{\"@type\":\"Person\",\"@id\":\"https:\/\/www.agres.es\/es\/#\/schema\/person\/e83bc060ff273aef9a1b3ba5df65f157\",\"name\":\"heroe\"}]}<\/script>\n<!-- \/ Yoast SEO plugin. -->","yoast_head_json":{"title":"Otras cavas que podemos encontrar en el t\u00e9rmino de Agres - Agres","robots":{"index":"index","follow":"follow","max-snippet":"max-snippet:-1","max-image-preview":"max-image-preview:large","max-video-preview":"max-video-preview:-1"},"canonical":"https:\/\/www.agres.es\/es\/otras-cavas-que-podemos-encontrar-en-el-termino-de-agres\/","og_locale":"es_ES","og_type":"article","og_title":"Otras cavas que podemos encontrar en el t\u00e9rmino de Agres - Agres","og_description":"Cava de las Eras: situada a 700 metros de altitud dentro de la poblaci\u00f3n y que fue derruida a mitad del siglo XX .Hoy s\u00f3lo queda el nombre de la [&hellip;]","og_url":"https:\/\/www.agres.es\/es\/otras-cavas-que-podemos-encontrar-en-el-termino-de-agres\/","og_site_name":"Agres","article_published_time":"2021-03-17T07:06:44+00:00","article_modified_time":"2021-03-22T11:10:00+00:00","og_image":[{"width":1128,"height":368,"url":"https:\/\/www.agres.es\/wp-content\/uploads\/2017\/04\/banner2.jpg","type":"image\/jpeg"}],"author":"heroe","twitter_card":"summary_large_image","twitter_misc":{"Escrito por":"heroe","Tiempo de lectura":"5 minutos"},"schema":{"@context":"https:\/\/schema.org","@graph":[{"@type":"Article","@id":"https:\/\/www.agres.es\/es\/otras-cavas-que-podemos-encontrar-en-el-termino-de-agres\/#article","isPartOf":{"@id":"https:\/\/www.agres.es\/es\/otras-cavas-que-podemos-encontrar-en-el-termino-de-agres\/"},"author":{"name":"heroe","@id":"https:\/\/www.agres.es\/es\/#\/schema\/person\/e83bc060ff273aef9a1b3ba5df65f157"},"headline":"Otras cavas que podemos encontrar en el t\u00e9rmino de Agres","datePublished":"2021-03-17T07:06:44+00:00","dateModified":"2021-03-22T11:10:00+00:00","mainEntityOfPage":{"@id":"https:\/\/www.agres.es\/es\/otras-cavas-que-podemos-encontrar-en-el-termino-de-agres\/"},"wordCount":932,"image":{"@id":"https:\/\/www.agres.es\/es\/otras-cavas-que-podemos-encontrar-en-el-termino-de-agres\/#primaryimage"},"thumbnailUrl":"https:\/\/www.agres.es\/wp-content\/uploads\/2017\/04\/banner2.jpg","articleSection":["Patrimonio cultural","Turismo"],"inLanguage":"es"},{"@type":"WebPage","@id":"https:\/\/www.agres.es\/es\/otras-cavas-que-podemos-encontrar-en-el-termino-de-agres\/","url":"https:\/\/www.agres.es\/es\/otras-cavas-que-podemos-encontrar-en-el-termino-de-agres\/","name":"Otras cavas que podemos encontrar en el t\u00e9rmino de Agres - Agres","isPartOf":{"@id":"https:\/\/www.agres.es\/es\/#website"},"primaryImageOfPage":{"@id":"https:\/\/www.agres.es\/es\/otras-cavas-que-podemos-encontrar-en-el-termino-de-agres\/#primaryimage"},"image":{"@id":"https:\/\/www.agres.es\/es\/otras-cavas-que-podemos-encontrar-en-el-termino-de-agres\/#primaryimage"},"thumbnailUrl":"https:\/\/www.agres.es\/wp-content\/uploads\/2017\/04\/banner2.jpg","datePublished":"2021-03-17T07:06:44+00:00","dateModified":"2021-03-22T11:10:00+00:00","author":{"@id":"https:\/\/www.agres.es\/es\/#\/schema\/person\/e83bc060ff273aef9a1b3ba5df65f157"},"breadcrumb":{"@id":"https:\/\/www.agres.es\/es\/otras-cavas-que-podemos-encontrar-en-el-termino-de-agres\/#breadcrumb"},"inLanguage":"es","potentialAction":[{"@type":"ReadAction","target":["https:\/\/www.agres.es\/es\/otras-cavas-que-podemos-encontrar-en-el-termino-de-agres\/"]}]},{"@type":"ImageObject","inLanguage":"es","@id":"https:\/\/www.agres.es\/es\/otras-cavas-que-podemos-encontrar-en-el-termino-de-agres\/#primaryimage","url":"https:\/\/www.agres.es\/wp-content\/uploads\/2017\/04\/banner2.jpg","contentUrl":"https:\/\/www.agres.es\/wp-content\/uploads\/2017\/04\/banner2.jpg","width":1128,"height":368},{"@type":"BreadcrumbList","@id":"https:\/\/www.agres.es\/es\/otras-cavas-que-podemos-encontrar-en-el-termino-de-agres\/#breadcrumb","itemListElement":[{"@type":"ListItem","position":1,"name":"Inicio","item":"https:\/\/www.agres.es\/es\/"},{"@type":"ListItem","position":2,"name":"Otras cavas que podemos encontrar en el t\u00e9rmino de Agres"}]},{"@type":"WebSite","@id":"https:\/\/www.agres.es\/es\/#website","url":"https:\/\/www.agres.es\/es\/","name":"Agres","description":"Ayuntamiento de la Vila de Agres","potentialAction":[{"@type":"SearchAction","target":{"@type":"EntryPoint","urlTemplate":"https:\/\/www.agres.es\/es\/?s={search_term_string}"},"query-input":{"@type":"PropertyValueSpecification","valueRequired":true,"valueName":"search_term_string"}}],"inLanguage":"es"},{"@type":"Person","@id":"https:\/\/www.agres.es\/es\/#\/schema\/person\/e83bc060ff273aef9a1b3ba5df65f157","name":"heroe"}]}},"_links":{"self":[{"href":"https:\/\/www.agres.es\/es\/wp-json\/wp\/v2\/posts\/62411","targetHints":{"allow":["GET"]}}],"collection":[{"href":"https:\/\/www.agres.es\/es\/wp-json\/wp\/v2\/posts"}],"about":[{"href":"https:\/\/www.agres.es\/es\/wp-json\/wp\/v2\/types\/post"}],"author":[{"embeddable":true,"href":"https:\/\/www.agres.es\/es\/wp-json\/wp\/v2\/users\/1"}],"replies":[{"embeddable":true,"href":"https:\/\/www.agres.es\/es\/wp-json\/wp\/v2\/comments?post=62411"}],"version-history":[{"count":0,"href":"https:\/\/www.agres.es\/es\/wp-json\/wp\/v2\/posts\/62411\/revisions"}],"wp:featuredmedia":[{"embeddable":true,"href":"https:\/\/www.agres.es\/es\/wp-json\/wp\/v2\/media\/30676"}],"wp:attachment":[{"href":"https:\/\/www.agres.es\/es\/wp-json\/wp\/v2\/media?parent=62411"}],"wp:term":[{"taxonomy":"category","embeddable":true,"href":"https:\/\/www.agres.es\/es\/wp-json\/wp\/v2\/categories?post=62411"},{"taxonomy":"post_tag","embeddable":true,"href":"https:\/\/www.agres.es\/es\/wp-json\/wp\/v2\/tags?post=62411"}],"curies":[{"name":"wp","href":"https:\/\/api.w.org\/{rel}","templated":true}]}}