{"id":63792,"date":"2022-03-31T13:19:07","date_gmt":"2022-03-31T11:19:07","guid":{"rendered":"https:\/\/www.agres.es\/?p=63792"},"modified":"2022-04-07T11:44:49","modified_gmt":"2022-04-07T09:44:49","slug":"gossos-de-ramat","status":"publish","type":"post","link":"https:\/\/www.agres.es\/es\/gossos-de-ramat\/","title":{"rendered":"GOSSOS DE RAMAT"},"content":{"rendered":"[et_pb_section bb_built=\u00bb1&#8243; inner_width=\u00bbauto\u00bb inner_max_width=\u00bb1080px\u00bb next_background_color=\u00bb#000000&#8243;][et_pb_row][et_pb_column type=\u00bb4_4&#8243; custom_padding__hover=\u00bb|||\u00bb custom_padding=\u00bb|||\u00bb][et_pb_text _builder_version=\u00bb4.14.8&#8243; background_color=\u00bbrgba(122,122,122,0)\u00bb background_color_gradient_start=\u00bb#21a527&#8243; background_color_gradient_end=\u00bb#3ad32c\u00bb background_color_gradient_direction=\u00bb155deg\u00bb text_text_shadow_horizontal_length=\u00bbtext_text_shadow_style,%91object Object%93&#8243; text_text_shadow_horizontal_length_tablet=\u00bb0px\u00bb text_text_shadow_vertical_length=\u00bbtext_text_shadow_style,%91object Object%93&#8243; text_text_shadow_vertical_length_tablet=\u00bb0px\u00bb text_text_shadow_blur_strength=\u00bbtext_text_shadow_style,%91object Object%93&#8243; text_text_shadow_blur_strength_tablet=\u00bb1px\u00bb link_text_shadow_horizontal_length=\u00bblink_text_shadow_style,%91object Object%93&#8243; link_text_shadow_horizontal_length_tablet=\u00bb0px\u00bb link_text_shadow_vertical_length=\u00bblink_text_shadow_style,%91object Object%93&#8243; link_text_shadow_vertical_length_tablet=\u00bb0px\u00bb link_text_shadow_blur_strength=\u00bblink_text_shadow_style,%91object Object%93&#8243; link_text_shadow_blur_strength_tablet=\u00bb1px\u00bb ul_text_shadow_horizontal_length=\u00bbul_text_shadow_style,%91object Object%93&#8243; ul_text_shadow_horizontal_length_tablet=\u00bb0px\u00bb ul_text_shadow_vertical_length=\u00bbul_text_shadow_style,%91object Object%93&#8243; ul_text_shadow_vertical_length_tablet=\u00bb0px\u00bb ul_text_shadow_blur_strength=\u00bbul_text_shadow_style,%91object Object%93&#8243; ul_text_shadow_blur_strength_tablet=\u00bb1px\u00bb ol_text_shadow_horizontal_length=\u00bbol_text_shadow_style,%91object Object%93&#8243; ol_text_shadow_horizontal_length_tablet=\u00bb0px\u00bb ol_text_shadow_vertical_length=\u00bbol_text_shadow_style,%91object Object%93&#8243; ol_text_shadow_vertical_length_tablet=\u00bb0px\u00bb ol_text_shadow_blur_strength=\u00bbol_text_shadow_style,%91object Object%93&#8243; ol_text_shadow_blur_strength_tablet=\u00bb1px\u00bb quote_text_shadow_horizontal_length=\u00bbquote_text_shadow_style,%91object Object%93&#8243; quote_text_shadow_horizontal_length_tablet=\u00bb0px\u00bb quote_text_shadow_vertical_length=\u00bbquote_text_shadow_style,%91object Object%93&#8243; quote_text_shadow_vertical_length_tablet=\u00bb0px\u00bb quote_text_shadow_blur_strength=\u00bbquote_text_shadow_style,%91object Object%93&#8243; quote_text_shadow_blur_strength_tablet=\u00bb1px\u00bb header_text_shadow_horizontal_length=\u00bbheader_text_shadow_style,%91object Object%93&#8243; header_text_shadow_horizontal_length_tablet=\u00bb0px\u00bb header_text_shadow_vertical_length=\u00bbheader_text_shadow_style,%91object Object%93&#8243; header_text_shadow_vertical_length_tablet=\u00bb0px\u00bb header_text_shadow_blur_strength=\u00bbheader_text_shadow_style,%91object Object%93&#8243; header_text_shadow_blur_strength_tablet=\u00bb1px\u00bb header_2_text_shadow_horizontal_length=\u00bbheader_2_text_shadow_style,%91object Object%93&#8243; header_2_text_shadow_horizontal_length_tablet=\u00bb0px\u00bb header_2_text_shadow_vertical_length=\u00bbheader_2_text_shadow_style,%91object Object%93&#8243; header_2_text_shadow_vertical_length_tablet=\u00bb0px\u00bb header_2_text_shadow_blur_strength=\u00bbheader_2_text_shadow_style,%91object Object%93&#8243; header_2_text_shadow_blur_strength_tablet=\u00bb1px\u00bb header_3_text_shadow_horizontal_length=\u00bbheader_3_text_shadow_style,%91object Object%93&#8243; header_3_text_shadow_horizontal_length_tablet=\u00bb0px\u00bb header_3_text_shadow_vertical_length=\u00bbheader_3_text_shadow_style,%91object Object%93&#8243; header_3_text_shadow_vertical_length_tablet=\u00bb0px\u00bb header_3_text_shadow_blur_strength=\u00bbheader_3_text_shadow_style,%91object Object%93&#8243; header_3_text_shadow_blur_strength_tablet=\u00bb1px\u00bb header_4_text_shadow_horizontal_length=\u00bbheader_4_text_shadow_style,%91object Object%93&#8243; header_4_text_shadow_horizontal_length_tablet=\u00bb0px\u00bb header_4_text_shadow_vertical_length=\u00bbheader_4_text_shadow_style,%91object Object%93&#8243; header_4_text_shadow_vertical_length_tablet=\u00bb0px\u00bb header_4_text_shadow_blur_strength=\u00bbheader_4_text_shadow_style,%91object Object%93&#8243; header_4_text_shadow_blur_strength_tablet=\u00bb1px\u00bb header_5_text_shadow_horizontal_length=\u00bbheader_5_text_shadow_style,%91object Object%93&#8243; header_5_text_shadow_horizontal_length_tablet=\u00bb0px\u00bb header_5_text_shadow_vertical_length=\u00bbheader_5_text_shadow_style,%91object Object%93&#8243; header_5_text_shadow_vertical_length_tablet=\u00bb0px\u00bb header_5_text_shadow_blur_strength=\u00bbheader_5_text_shadow_style,%91object Object%93&#8243; header_5_text_shadow_blur_strength_tablet=\u00bb1px\u00bb header_6_text_shadow_horizontal_length=\u00bbheader_6_text_shadow_style,%91object Object%93&#8243; header_6_text_shadow_horizontal_length_tablet=\u00bb0px\u00bb header_6_text_shadow_vertical_length=\u00bbheader_6_text_shadow_style,%91object Object%93&#8243; header_6_text_shadow_vertical_length_tablet=\u00bb0px\u00bb header_6_text_shadow_blur_strength=\u00bbheader_6_text_shadow_style,%91object Object%93&#8243; header_6_text_shadow_blur_strength_tablet=\u00bb1px\u00bb box_shadow_horizontal_tablet=\u00bb0px\u00bb box_shadow_vertical_tablet=\u00bb0px\u00bb box_shadow_blur_tablet=\u00bb40px\u00bb box_shadow_spread_tablet=\u00bb0px\u00bb vertical_offset_tablet=\u00bb0&#8243; horizontal_offset_tablet=\u00bb0&#8243; z_index_tablet=\u00bb0&#8243;]\n<p style=\"text-align: left;\"><span style=\"font-size: 18pt;\">Despu\u00e9s de dos a\u00f1os sin poder realizarse, el d\u00eda 9 de abril se llevar\u00e1 a cabo la octava edici\u00f3n del concurso de \u201cGossos de Ramat\u201d. <\/span><br \/><span style=\"font-size: 18pt;\">Es una competici\u00f3n hist\u00f3rica donde el perro y el pastor demuestran sus habilidades para llevar al reba\u00f1o de ovejas a un recinto. <\/span><br \/><span style=\"font-size: 18pt;\">El concurso est\u00e1 organizado por el \u2018<a href=\"https:\/\/colectiulesquella.wordpress.com\/?fbclid=IwAR3LVAqu0Y4k9U3jGxeVmSqo3YnJgBbD8wXeUndhyq5MYz6QFGEV0l0fW5E\">Col\u00b7lectiu Esquella<\/a>\u2019.<\/span><br \/><span style=\"font-size: 18pt;\">Adem\u00e1s se podr\u00e1 participar en una ruta en bicicleta de baja dificultad que organiza <a href=\"https:\/\/velorecicla.amics.eu\/\">Velorecicla<\/a>, apta para familias, ni\u00f1os y mayores.<\/span><\/p>\n<p><a href=\"https:\/\/www.agres.es\/wp-content\/uploads\/2022\/03\/concurs-gossos-agres.jpg\"><img decoding=\"async\" class=\"aligncenter wp-image-63781\" src=\"https:\/\/www.agres.es\/wp-content\/uploads\/2022\/03\/concurs-gossos-agres-214x300.jpg\" alt=\"\" width=\"683\" height=\"958\" srcset=\"https:\/\/www.agres.es\/wp-content\/uploads\/2022\/03\/concurs-gossos-agres-214x300.jpg 683w, https:\/\/www.agres.es\/wp-content\/uploads\/2022\/03\/concurs-gossos-agres-480x672.jpg 480w\" sizes=\"(min-width: 0px) and (max-width: 480px) 480px, (min-width: 481px) 683px, 100vw\" \/><\/a><\/p>\n<p>\u00a0<\/p>\n[\/et_pb_text][\/et_pb_column][\/et_pb_row][et_pb_row][et_pb_column type=\u00bb4_4&#8243; custom_padding__hover=\u00bb|||\u00bb custom_padding=\u00bb|||\u00bb][\/et_pb_column][\/et_pb_row][\/et_pb_section][et_pb_section bb_built=\u00bb1&#8243; fullwidth=\u00bboff\u00bb specialty=\u00bboff\u00bb prev_background_color=\u00bb#000000&#8243;][et_pb_row][\/et_pb_row][\/et_pb_section]\n","protected":false},"excerpt":{"rendered":"<p>El d\u00eda 9 de abril se llevar\u00e1 a cabo la octava edici\u00f3n del concurso de \u201cGossos de Ramat\u201d de la Valleta d&#8217;Agres.<\/p>\n","protected":false},"author":4,"featured_media":63784,"comment_status":"closed","ping_status":"closed","sticky":false,"template":"","format":"standard","meta":{"_et_pb_use_builder":"on","_et_pb_old_content":"<p style=\"text-align: left;\">Despu\u00e9s de dos a\u00f1os sin poder realizarse, el d\u00eda 9 de abril se llevar\u00e1 a cabo la octava edici\u00f3n del concurso de \u201c<a href=\"https:\/\/www.facebook.com\/ColEsquella\">Gossos de Ramat<\/a>\u201d.<br \/>Es una competici\u00f3n hist\u00f3rica donde el perro y el pastor demuestran sus habilidades cooperativas para llevar al reba\u00f1o de ovejas a un recinto.<br \/>El concurso est\u00e1 organizado por el \u2018<a href=\"https:\/\/colectiulesquella.wordpress.com\/?fbclid=IwAR3LVAqu0Y4k9U3jGxeVmSqo3YnJgBbD8wXeUndhyq5MYz6QFGEV0l0fW5E\">Col\u00b7lectiu Esquella<\/a>\u2019 y adem\u00e1s se podr\u00e1 participar en una ruta en bicicleta de baja dificultad que organiza <a href=\"https:\/\/velorecicla.amics.eu\/\">Velorecicla<\/a>, apta para familias, ni\u00f1os y mayores.<\/p>","_et_gb_content_width":"","footnotes":""},"categories":[194,168,166,178,164,170,172,184,174,186],"tags":[202,200],"class_list":["post-63792","post","type-post","status-publish","format-standard","has-post-thumbnail","hentry","category-cultura-es","category-deportes","category-destacado-es","category-fiestas-es","category-noticias-es","category-noticias-fiestas","category-noticias-turismo","category-patrimonio-cultural-es","category-turismo","category-turismo-activo-es","tag-agres","tag-gossos"],"yoast_head":"<!-- This site is optimized with the Yoast SEO plugin v26.9 - https:\/\/yoast.com\/product\/yoast-seo-wordpress\/ -->\n<title>GOSSOS DE RAMAT - Agres<\/title>\n<meta name=\"description\" content=\"El d\u00eda 9 de abril se llevar\u00e1 a cabo la octava edici\u00f3n del concurso de \u201cGossos de Ramat\u201d de la Valleta d&#039;Agres.\" \/>\n<meta name=\"robots\" content=\"index, follow, max-snippet:-1, max-image-preview:large, max-video-preview:-1\" \/>\n<link rel=\"canonical\" href=\"https:\/\/www.agres.es\/es\/gossos-de-ramat\/\" \/>\n<meta property=\"og:locale\" content=\"es_ES\" \/>\n<meta property=\"og:type\" content=\"article\" \/>\n<meta property=\"og:title\" content=\"GOSSOS DE RAMAT - Agres\" \/>\n<meta property=\"og:description\" content=\"El d\u00eda 9 de abril se llevar\u00e1 a cabo la octava edici\u00f3n del concurso de \u201cGossos de Ramat\u201d de la Valleta d&#039;Agres.\" \/>\n<meta property=\"og:url\" content=\"https:\/\/www.agres.es\/es\/gossos-de-ramat\/\" \/>\n<meta property=\"og:site_name\" content=\"Agres\" \/>\n<meta property=\"article:published_time\" content=\"2022-03-31T11:19:07+00:00\" \/>\n<meta property=\"article:modified_time\" content=\"2022-04-07T09:44:49+00:00\" \/>\n<meta property=\"og:image\" content=\"https:\/\/www.agres.es\/wp-content\/uploads\/2022\/03\/ovejas.jpg\" \/>\n\t<meta property=\"og:image:width\" content=\"1067\" \/>\n\t<meta property=\"og:image:height\" content=\"711\" \/>\n\t<meta property=\"og:image:type\" content=\"image\/jpeg\" \/>\n<meta name=\"author\" content=\"Yolanda Sevadilla Navarro\" \/>\n<meta name=\"twitter:card\" content=\"summary_large_image\" \/>\n<meta name=\"twitter:label1\" content=\"Escrito por\" \/>\n\t<meta name=\"twitter:data1\" content=\"Yolanda Sevadilla Navarro\" \/>\n\t<meta name=\"twitter:label2\" content=\"Tiempo de lectura\" \/>\n\t<meta name=\"twitter:data2\" content=\"1 minuto\" \/>\n<script type=\"application\/ld+json\" class=\"yoast-schema-graph\">{\"@context\":\"https:\/\/schema.org\",\"@graph\":[{\"@type\":\"Article\",\"@id\":\"https:\/\/www.agres.es\/es\/gossos-de-ramat\/#article\",\"isPartOf\":{\"@id\":\"https:\/\/www.agres.es\/es\/gossos-de-ramat\/\"},\"author\":{\"name\":\"Yolanda Sevadilla Navarro\",\"@id\":\"https:\/\/www.agres.es\/es\/#\/schema\/person\/59cc6514833c37c96164781ff15bb194\"},\"headline\":\"GOSSOS DE RAMAT\",\"datePublished\":\"2022-03-31T11:19:07+00:00\",\"dateModified\":\"2022-04-07T09:44:49+00:00\",\"mainEntityOfPage\":{\"@id\":\"https:\/\/www.agres.es\/es\/gossos-de-ramat\/\"},\"wordCount\":813,\"image\":{\"@id\":\"https:\/\/www.agres.es\/es\/gossos-de-ramat\/#primaryimage\"},\"thumbnailUrl\":\"https:\/\/www.agres.es\/wp-content\/uploads\/2022\/03\/ovejas.jpg\",\"keywords\":[\"Agres\",\"Gossos\"],\"articleSection\":[\"Cultura\",\"Deportes\",\"Destacado\",\"Fiestas\",\"Noticias\",\"Noticias fiestas\",\"Noticias turismo\",\"Patrimonio cultural\",\"Turismo\",\"Turismo activo\"],\"inLanguage\":\"es\"},{\"@type\":\"WebPage\",\"@id\":\"https:\/\/www.agres.es\/es\/gossos-de-ramat\/\",\"url\":\"https:\/\/www.agres.es\/es\/gossos-de-ramat\/\",\"name\":\"GOSSOS DE RAMAT - Agres\",\"isPartOf\":{\"@id\":\"https:\/\/www.agres.es\/es\/#website\"},\"primaryImageOfPage\":{\"@id\":\"https:\/\/www.agres.es\/es\/gossos-de-ramat\/#primaryimage\"},\"image\":{\"@id\":\"https:\/\/www.agres.es\/es\/gossos-de-ramat\/#primaryimage\"},\"thumbnailUrl\":\"https:\/\/www.agres.es\/wp-content\/uploads\/2022\/03\/ovejas.jpg\",\"datePublished\":\"2022-03-31T11:19:07+00:00\",\"dateModified\":\"2022-04-07T09:44:49+00:00\",\"author\":{\"@id\":\"https:\/\/www.agres.es\/es\/#\/schema\/person\/59cc6514833c37c96164781ff15bb194\"},\"description\":\"El d\u00eda 9 de abril se llevar\u00e1 a cabo la octava edici\u00f3n del concurso de \u201cGossos de Ramat\u201d de la Valleta d'Agres.\",\"breadcrumb\":{\"@id\":\"https:\/\/www.agres.es\/es\/gossos-de-ramat\/#breadcrumb\"},\"inLanguage\":\"es\",\"potentialAction\":[{\"@type\":\"ReadAction\",\"target\":[\"https:\/\/www.agres.es\/es\/gossos-de-ramat\/\"]}]},{\"@type\":\"ImageObject\",\"inLanguage\":\"es\",\"@id\":\"https:\/\/www.agres.es\/es\/gossos-de-ramat\/#primaryimage\",\"url\":\"https:\/\/www.agres.es\/wp-content\/uploads\/2022\/03\/ovejas.jpg\",\"contentUrl\":\"https:\/\/www.agres.es\/wp-content\/uploads\/2022\/03\/ovejas.jpg\",\"width\":1067,\"height\":711},{\"@type\":\"BreadcrumbList\",\"@id\":\"https:\/\/www.agres.es\/es\/gossos-de-ramat\/#breadcrumb\",\"itemListElement\":[{\"@type\":\"ListItem\",\"position\":1,\"name\":\"Inicio\",\"item\":\"https:\/\/www.agres.es\/es\/\"},{\"@type\":\"ListItem\",\"position\":2,\"name\":\"GOSSOS DE RAMAT\"}]},{\"@type\":\"WebSite\",\"@id\":\"https:\/\/www.agres.es\/es\/#website\",\"url\":\"https:\/\/www.agres.es\/es\/\",\"name\":\"Agres\",\"description\":\"Ayuntamiento de la Vila de Agres\",\"potentialAction\":[{\"@type\":\"SearchAction\",\"target\":{\"@type\":\"EntryPoint\",\"urlTemplate\":\"https:\/\/www.agres.es\/es\/?s={search_term_string}\"},\"query-input\":{\"@type\":\"PropertyValueSpecification\",\"valueRequired\":true,\"valueName\":\"search_term_string\"}}],\"inLanguage\":\"es\"},{\"@type\":\"Person\",\"@id\":\"https:\/\/www.agres.es\/es\/#\/schema\/person\/59cc6514833c37c96164781ff15bb194\",\"name\":\"Yolanda Sevadilla Navarro\"}]}<\/script>\n<!-- \/ Yoast SEO plugin. -->","yoast_head_json":{"title":"GOSSOS DE RAMAT - Agres","description":"El d\u00eda 9 de abril se llevar\u00e1 a cabo la octava edici\u00f3n del concurso de \u201cGossos de Ramat\u201d de la Valleta d'Agres.","robots":{"index":"index","follow":"follow","max-snippet":"max-snippet:-1","max-image-preview":"max-image-preview:large","max-video-preview":"max-video-preview:-1"},"canonical":"https:\/\/www.agres.es\/es\/gossos-de-ramat\/","og_locale":"es_ES","og_type":"article","og_title":"GOSSOS DE RAMAT - Agres","og_description":"El d\u00eda 9 de abril se llevar\u00e1 a cabo la octava edici\u00f3n del concurso de \u201cGossos de Ramat\u201d de la Valleta d'Agres.","og_url":"https:\/\/www.agres.es\/es\/gossos-de-ramat\/","og_site_name":"Agres","article_published_time":"2022-03-31T11:19:07+00:00","article_modified_time":"2022-04-07T09:44:49+00:00","og_image":[{"width":1067,"height":711,"url":"https:\/\/www.agres.es\/wp-content\/uploads\/2022\/03\/ovejas.jpg","type":"image\/jpeg"}],"author":"Yolanda Sevadilla Navarro","twitter_card":"summary_large_image","twitter_misc":{"Escrito por":"Yolanda Sevadilla Navarro","Tiempo de lectura":"1 minuto"},"schema":{"@context":"https:\/\/schema.org","@graph":[{"@type":"Article","@id":"https:\/\/www.agres.es\/es\/gossos-de-ramat\/#article","isPartOf":{"@id":"https:\/\/www.agres.es\/es\/gossos-de-ramat\/"},"author":{"name":"Yolanda Sevadilla Navarro","@id":"https:\/\/www.agres.es\/es\/#\/schema\/person\/59cc6514833c37c96164781ff15bb194"},"headline":"GOSSOS DE RAMAT","datePublished":"2022-03-31T11:19:07+00:00","dateModified":"2022-04-07T09:44:49+00:00","mainEntityOfPage":{"@id":"https:\/\/www.agres.es\/es\/gossos-de-ramat\/"},"wordCount":813,"image":{"@id":"https:\/\/www.agres.es\/es\/gossos-de-ramat\/#primaryimage"},"thumbnailUrl":"https:\/\/www.agres.es\/wp-content\/uploads\/2022\/03\/ovejas.jpg","keywords":["Agres","Gossos"],"articleSection":["Cultura","Deportes","Destacado","Fiestas","Noticias","Noticias fiestas","Noticias turismo","Patrimonio cultural","Turismo","Turismo activo"],"inLanguage":"es"},{"@type":"WebPage","@id":"https:\/\/www.agres.es\/es\/gossos-de-ramat\/","url":"https:\/\/www.agres.es\/es\/gossos-de-ramat\/","name":"GOSSOS DE RAMAT - Agres","isPartOf":{"@id":"https:\/\/www.agres.es\/es\/#website"},"primaryImageOfPage":{"@id":"https:\/\/www.agres.es\/es\/gossos-de-ramat\/#primaryimage"},"image":{"@id":"https:\/\/www.agres.es\/es\/gossos-de-ramat\/#primaryimage"},"thumbnailUrl":"https:\/\/www.agres.es\/wp-content\/uploads\/2022\/03\/ovejas.jpg","datePublished":"2022-03-31T11:19:07+00:00","dateModified":"2022-04-07T09:44:49+00:00","author":{"@id":"https:\/\/www.agres.es\/es\/#\/schema\/person\/59cc6514833c37c96164781ff15bb194"},"description":"El d\u00eda 9 de abril se llevar\u00e1 a cabo la octava edici\u00f3n del concurso de \u201cGossos de Ramat\u201d de la Valleta d'Agres.","breadcrumb":{"@id":"https:\/\/www.agres.es\/es\/gossos-de-ramat\/#breadcrumb"},"inLanguage":"es","potentialAction":[{"@type":"ReadAction","target":["https:\/\/www.agres.es\/es\/gossos-de-ramat\/"]}]},{"@type":"ImageObject","inLanguage":"es","@id":"https:\/\/www.agres.es\/es\/gossos-de-ramat\/#primaryimage","url":"https:\/\/www.agres.es\/wp-content\/uploads\/2022\/03\/ovejas.jpg","contentUrl":"https:\/\/www.agres.es\/wp-content\/uploads\/2022\/03\/ovejas.jpg","width":1067,"height":711},{"@type":"BreadcrumbList","@id":"https:\/\/www.agres.es\/es\/gossos-de-ramat\/#breadcrumb","itemListElement":[{"@type":"ListItem","position":1,"name":"Inicio","item":"https:\/\/www.agres.es\/es\/"},{"@type":"ListItem","position":2,"name":"GOSSOS DE RAMAT"}]},{"@type":"WebSite","@id":"https:\/\/www.agres.es\/es\/#website","url":"https:\/\/www.agres.es\/es\/","name":"Agres","description":"Ayuntamiento de la Vila de Agres","potentialAction":[{"@type":"SearchAction","target":{"@type":"EntryPoint","urlTemplate":"https:\/\/www.agres.es\/es\/?s={search_term_string}"},"query-input":{"@type":"PropertyValueSpecification","valueRequired":true,"valueName":"search_term_string"}}],"inLanguage":"es"},{"@type":"Person","@id":"https:\/\/www.agres.es\/es\/#\/schema\/person\/59cc6514833c37c96164781ff15bb194","name":"Yolanda Sevadilla Navarro"}]}},"_links":{"self":[{"href":"https:\/\/www.agres.es\/es\/wp-json\/wp\/v2\/posts\/63792","targetHints":{"allow":["GET"]}}],"collection":[{"href":"https:\/\/www.agres.es\/es\/wp-json\/wp\/v2\/posts"}],"about":[{"href":"https:\/\/www.agres.es\/es\/wp-json\/wp\/v2\/types\/post"}],"author":[{"embeddable":true,"href":"https:\/\/www.agres.es\/es\/wp-json\/wp\/v2\/users\/4"}],"replies":[{"embeddable":true,"href":"https:\/\/www.agres.es\/es\/wp-json\/wp\/v2\/comments?post=63792"}],"version-history":[{"count":0,"href":"https:\/\/www.agres.es\/es\/wp-json\/wp\/v2\/posts\/63792\/revisions"}],"wp:featuredmedia":[{"embeddable":true,"href":"https:\/\/www.agres.es\/es\/wp-json\/wp\/v2\/media\/63784"}],"wp:attachment":[{"href":"https:\/\/www.agres.es\/es\/wp-json\/wp\/v2\/media?parent=63792"}],"wp:term":[{"taxonomy":"category","embeddable":true,"href":"https:\/\/www.agres.es\/es\/wp-json\/wp\/v2\/categories?post=63792"},{"taxonomy":"post_tag","embeddable":true,"href":"https:\/\/www.agres.es\/es\/wp-json\/wp\/v2\/tags?post=63792"}],"curies":[{"name":"wp","href":"https:\/\/api.w.org\/{rel}","templated":true}]}}