{"id":63829,"date":"2022-04-12T17:20:45","date_gmt":"2022-04-12T15:20:45","guid":{"rendered":"https:\/\/www.agres.es\/?p=63829"},"modified":"2022-04-12T17:20:45","modified_gmt":"2022-04-12T15:20:45","slug":"la-agencia-de-desarrollo-local","status":"publish","type":"post","link":"https:\/\/www.agres.es\/es\/la-agencia-de-desarrollo-local\/","title":{"rendered":"LA AGENCIA DE DESARROLLO LOCAL"},"content":{"rendered":"[et_pb_section bb_built=\u00bb1&#8243;][et_pb_row][et_pb_column type=\u00bb2_3&#8243;][et_pb_text _builder_version=\u00bb4.14.8&#8243; text_text_shadow_horizontal_length=\u00bbtext_text_shadow_style,%91object Object%93&#8243; text_text_shadow_horizontal_length_tablet=\u00bb0px\u00bb text_text_shadow_vertical_length=\u00bbtext_text_shadow_style,%91object Object%93&#8243; text_text_shadow_vertical_length_tablet=\u00bb0px\u00bb text_text_shadow_blur_strength=\u00bbtext_text_shadow_style,%91object Object%93&#8243; text_text_shadow_blur_strength_tablet=\u00bb1px\u00bb link_text_shadow_horizontal_length=\u00bblink_text_shadow_style,%91object Object%93&#8243; link_text_shadow_horizontal_length_tablet=\u00bb0px\u00bb link_text_shadow_vertical_length=\u00bblink_text_shadow_style,%91object Object%93&#8243; link_text_shadow_vertical_length_tablet=\u00bb0px\u00bb link_text_shadow_blur_strength=\u00bblink_text_shadow_style,%91object Object%93&#8243; link_text_shadow_blur_strength_tablet=\u00bb1px\u00bb ul_text_shadow_horizontal_length=\u00bbul_text_shadow_style,%91object Object%93&#8243; ul_text_shadow_horizontal_length_tablet=\u00bb0px\u00bb ul_text_shadow_vertical_length=\u00bbul_text_shadow_style,%91object Object%93&#8243; ul_text_shadow_vertical_length_tablet=\u00bb0px\u00bb ul_text_shadow_blur_strength=\u00bbul_text_shadow_style,%91object Object%93&#8243; ul_text_shadow_blur_strength_tablet=\u00bb1px\u00bb ol_text_shadow_horizontal_length=\u00bbol_text_shadow_style,%91object Object%93&#8243; ol_text_shadow_horizontal_length_tablet=\u00bb0px\u00bb ol_text_shadow_vertical_length=\u00bbol_text_shadow_style,%91object Object%93&#8243; ol_text_shadow_vertical_length_tablet=\u00bb0px\u00bb ol_text_shadow_blur_strength=\u00bbol_text_shadow_style,%91object Object%93&#8243; ol_text_shadow_blur_strength_tablet=\u00bb1px\u00bb quote_text_shadow_horizontal_length=\u00bbquote_text_shadow_style,%91object Object%93&#8243; quote_text_shadow_horizontal_length_tablet=\u00bb0px\u00bb quote_text_shadow_vertical_length=\u00bbquote_text_shadow_style,%91object Object%93&#8243; quote_text_shadow_vertical_length_tablet=\u00bb0px\u00bb quote_text_shadow_blur_strength=\u00bbquote_text_shadow_style,%91object Object%93&#8243; quote_text_shadow_blur_strength_tablet=\u00bb1px\u00bb header_text_shadow_horizontal_length=\u00bbheader_text_shadow_style,%91object Object%93&#8243; header_text_shadow_horizontal_length_tablet=\u00bb0px\u00bb header_text_shadow_vertical_length=\u00bbheader_text_shadow_style,%91object Object%93&#8243; header_text_shadow_vertical_length_tablet=\u00bb0px\u00bb header_text_shadow_blur_strength=\u00bbheader_text_shadow_style,%91object Object%93&#8243; header_text_shadow_blur_strength_tablet=\u00bb1px\u00bb header_2_text_shadow_horizontal_length=\u00bbheader_2_text_shadow_style,%91object Object%93&#8243; header_2_text_shadow_horizontal_length_tablet=\u00bb0px\u00bb header_2_text_shadow_vertical_length=\u00bbheader_2_text_shadow_style,%91object Object%93&#8243; header_2_text_shadow_vertical_length_tablet=\u00bb0px\u00bb header_2_text_shadow_blur_strength=\u00bbheader_2_text_shadow_style,%91object Object%93&#8243; header_2_text_shadow_blur_strength_tablet=\u00bb1px\u00bb header_3_text_shadow_horizontal_length=\u00bbheader_3_text_shadow_style,%91object Object%93&#8243; header_3_text_shadow_horizontal_length_tablet=\u00bb0px\u00bb header_3_text_shadow_vertical_length=\u00bbheader_3_text_shadow_style,%91object Object%93&#8243; header_3_text_shadow_vertical_length_tablet=\u00bb0px\u00bb header_3_text_shadow_blur_strength=\u00bbheader_3_text_shadow_style,%91object Object%93&#8243; header_3_text_shadow_blur_strength_tablet=\u00bb1px\u00bb header_4_text_shadow_horizontal_length=\u00bbheader_4_text_shadow_style,%91object Object%93&#8243; header_4_text_shadow_horizontal_length_tablet=\u00bb0px\u00bb header_4_text_shadow_vertical_length=\u00bbheader_4_text_shadow_style,%91object Object%93&#8243; header_4_text_shadow_vertical_length_tablet=\u00bb0px\u00bb header_4_text_shadow_blur_strength=\u00bbheader_4_text_shadow_style,%91object Object%93&#8243; header_4_text_shadow_blur_strength_tablet=\u00bb1px\u00bb header_5_text_shadow_horizontal_length=\u00bbheader_5_text_shadow_style,%91object Object%93&#8243; header_5_text_shadow_horizontal_length_tablet=\u00bb0px\u00bb header_5_text_shadow_vertical_length=\u00bbheader_5_text_shadow_style,%91object Object%93&#8243; header_5_text_shadow_vertical_length_tablet=\u00bb0px\u00bb header_5_text_shadow_blur_strength=\u00bbheader_5_text_shadow_style,%91object Object%93&#8243; header_5_text_shadow_blur_strength_tablet=\u00bb1px\u00bb header_6_text_shadow_horizontal_length=\u00bbheader_6_text_shadow_style,%91object Object%93&#8243; header_6_text_shadow_horizontal_length_tablet=\u00bb0px\u00bb header_6_text_shadow_vertical_length=\u00bbheader_6_text_shadow_style,%91object Object%93&#8243; header_6_text_shadow_vertical_length_tablet=\u00bb0px\u00bb header_6_text_shadow_blur_strength=\u00bbheader_6_text_shadow_style,%91object Object%93&#8243; header_6_text_shadow_blur_strength_tablet=\u00bb1px\u00bb box_shadow_horizontal_tablet=\u00bb0px\u00bb box_shadow_vertical_tablet=\u00bb0px\u00bb box_shadow_blur_tablet=\u00bb40px\u00bb box_shadow_spread_tablet=\u00bb0px\u00bb vertical_offset_tablet=\u00bb0&#8243; horizontal_offset_tablet=\u00bb0&#8243; z_index_tablet=\u00bb0&#8243;]\n<p><span style=\"font-family: arial, helvetica, sans-serif; font-size: 18pt;\">La oficina de desarrollo local es un espacio destinado a dinamizar el territorio a trav\u00e9s de actividades, redes de cooperaci\u00f3n y coordinaci\u00f3n entre diferentes agentes locales as\u00ed como a trav\u00e9s de instituciones p\u00fablicas y privadas.<\/span><\/p>\n<p><span style=\"font-family: arial, helvetica, sans-serif; font-size: 18pt;\">El AEDL es la persona encargada de estar en contacto directo con las personas desempleadas, emprendedoras, empresas locales y la administraci\u00f3n provincial y auton\u00f3mica para facilitarles la ayuda que necesiten; es un espacio creado para mantener informados a los vecinos y vecinas del municipio de todos los beneficios a los que tienen acceso, tanto a trav\u00e9s de subvenciones como de asesoramiento en la puesta en marcha de proyectos emprendedores, adem\u00e1s de un punto de apoyo en las gestiones del d\u00eda a d\u00eda que la gente pueda necesitar (citas previas, renovaci\u00f3n DARDE, etc.)<\/span><\/p>\n<p><span style=\"font-family: arial, helvetica, sans-serif; font-size: 18pt;\">La oficina de desarrollo local integra tambi\u00e9n la oficina de turismo de Agres, que adem\u00e1s es punto de informaci\u00f3n colaborador del parque natural de la Sierra de Mariola, y desde d\u00f3nde se organizan rutas guiadas, excursiones y grupos de visitantes.<\/span><\/p>\n[\/et_pb_text][\/et_pb_column][et_pb_column type=\u00bb1_3&#8243;][\/et_pb_column][\/et_pb_row][\/et_pb_section]\n","protected":false},"excerpt":{"rendered":"<p>La oficina de desarrollo local es un espacio destinado a dinamizar el territorio y integra tambi\u00e9n la oficina de turismo de Agres, que adem\u00e1s es punto de informaci\u00f3n del parque natural de la Sierra de Mariola.<\/p>\n","protected":false},"author":4,"featured_media":0,"comment_status":"closed","ping_status":"closed","sticky":false,"template":"","format":"standard","meta":{"_et_pb_use_builder":"on","_et_pb_old_content":"","_et_gb_content_width":"","footnotes":""},"categories":[166,164],"tags":[],"class_list":["post-63829","post","type-post","status-publish","format-standard","hentry","category-destacado-es","category-noticias-es"],"yoast_head":"<!-- This site is optimized with the Yoast SEO plugin v26.9 - https:\/\/yoast.com\/product\/yoast-seo-wordpress\/ -->\n<title>LA AGENCIA DE DESARROLLO LOCAL - Agres<\/title>\n<meta name=\"description\" content=\"La oficina de desarrollo local es un espacio destinado a dinamizar el territorio y integra tambi\u00e9n la oficina de turismo de Agres, que adem\u00e1s es punto de informaci\u00f3n del parque natural de la Sierra de Mariola.\" \/>\n<meta name=\"robots\" content=\"index, follow, max-snippet:-1, max-image-preview:large, max-video-preview:-1\" \/>\n<link rel=\"canonical\" href=\"https:\/\/www.agres.es\/es\/la-agencia-de-desarrollo-local\/\" \/>\n<meta property=\"og:locale\" content=\"es_ES\" \/>\n<meta property=\"og:type\" content=\"article\" \/>\n<meta property=\"og:title\" content=\"LA AGENCIA DE DESARROLLO LOCAL - Agres\" \/>\n<meta property=\"og:description\" content=\"La oficina de desarrollo local es un espacio destinado a dinamizar el territorio y integra tambi\u00e9n la oficina de turismo de Agres, que adem\u00e1s es punto de informaci\u00f3n del parque natural de la Sierra de Mariola.\" \/>\n<meta property=\"og:url\" content=\"https:\/\/www.agres.es\/es\/la-agencia-de-desarrollo-local\/\" \/>\n<meta property=\"og:site_name\" content=\"Agres\" \/>\n<meta property=\"article:published_time\" content=\"2022-04-12T15:20:45+00:00\" \/>\n<meta name=\"author\" content=\"Yolanda Sevadilla Navarro\" \/>\n<meta name=\"twitter:card\" content=\"summary_large_image\" \/>\n<meta name=\"twitter:label1\" content=\"Escrito por\" \/>\n\t<meta name=\"twitter:data1\" content=\"Yolanda Sevadilla Navarro\" \/>\n\t<meta name=\"twitter:label2\" content=\"Tiempo de lectura\" \/>\n\t<meta name=\"twitter:data2\" content=\"4 minutos\" \/>\n<script type=\"application\/ld+json\" class=\"yoast-schema-graph\">{\"@context\":\"https:\/\/schema.org\",\"@graph\":[{\"@type\":\"Article\",\"@id\":\"https:\/\/www.agres.es\/es\/la-agencia-de-desarrollo-local\/#article\",\"isPartOf\":{\"@id\":\"https:\/\/www.agres.es\/es\/la-agencia-de-desarrollo-local\/\"},\"author\":{\"name\":\"Yolanda Sevadilla Navarro\",\"@id\":\"https:\/\/www.agres.es\/es\/#\/schema\/person\/59cc6514833c37c96164781ff15bb194\"},\"headline\":\"LA AGENCIA DE DESARROLLO LOCAL\",\"datePublished\":\"2022-04-12T15:20:45+00:00\",\"mainEntityOfPage\":{\"@id\":\"https:\/\/www.agres.es\/es\/la-agencia-de-desarrollo-local\/\"},\"wordCount\":847,\"articleSection\":[\"Destacado\",\"Noticias\"],\"inLanguage\":\"es\"},{\"@type\":\"WebPage\",\"@id\":\"https:\/\/www.agres.es\/es\/la-agencia-de-desarrollo-local\/\",\"url\":\"https:\/\/www.agres.es\/es\/la-agencia-de-desarrollo-local\/\",\"name\":\"LA AGENCIA DE DESARROLLO LOCAL - Agres\",\"isPartOf\":{\"@id\":\"https:\/\/www.agres.es\/es\/#website\"},\"datePublished\":\"2022-04-12T15:20:45+00:00\",\"author\":{\"@id\":\"https:\/\/www.agres.es\/es\/#\/schema\/person\/59cc6514833c37c96164781ff15bb194\"},\"description\":\"La oficina de desarrollo local es un espacio destinado a dinamizar el territorio y integra tambi\u00e9n la oficina de turismo de Agres, que adem\u00e1s es punto de informaci\u00f3n del parque natural de la Sierra de Mariola.\",\"breadcrumb\":{\"@id\":\"https:\/\/www.agres.es\/es\/la-agencia-de-desarrollo-local\/#breadcrumb\"},\"inLanguage\":\"es\",\"potentialAction\":[{\"@type\":\"ReadAction\",\"target\":[\"https:\/\/www.agres.es\/es\/la-agencia-de-desarrollo-local\/\"]}]},{\"@type\":\"BreadcrumbList\",\"@id\":\"https:\/\/www.agres.es\/es\/la-agencia-de-desarrollo-local\/#breadcrumb\",\"itemListElement\":[{\"@type\":\"ListItem\",\"position\":1,\"name\":\"Inicio\",\"item\":\"https:\/\/www.agres.es\/es\/\"},{\"@type\":\"ListItem\",\"position\":2,\"name\":\"LA AGENCIA DE DESARROLLO LOCAL\"}]},{\"@type\":\"WebSite\",\"@id\":\"https:\/\/www.agres.es\/es\/#website\",\"url\":\"https:\/\/www.agres.es\/es\/\",\"name\":\"Agres\",\"description\":\"Ayuntamiento de la Vila de Agres\",\"potentialAction\":[{\"@type\":\"SearchAction\",\"target\":{\"@type\":\"EntryPoint\",\"urlTemplate\":\"https:\/\/www.agres.es\/es\/?s={search_term_string}\"},\"query-input\":{\"@type\":\"PropertyValueSpecification\",\"valueRequired\":true,\"valueName\":\"search_term_string\"}}],\"inLanguage\":\"es\"},{\"@type\":\"Person\",\"@id\":\"https:\/\/www.agres.es\/es\/#\/schema\/person\/59cc6514833c37c96164781ff15bb194\",\"name\":\"Yolanda Sevadilla Navarro\"}]}<\/script>\n<!-- \/ Yoast SEO plugin. -->","yoast_head_json":{"title":"LA AGENCIA DE DESARROLLO LOCAL - Agres","description":"La oficina de desarrollo local es un espacio destinado a dinamizar el territorio y integra tambi\u00e9n la oficina de turismo de Agres, que adem\u00e1s es punto de informaci\u00f3n del parque natural de la Sierra de Mariola.","robots":{"index":"index","follow":"follow","max-snippet":"max-snippet:-1","max-image-preview":"max-image-preview:large","max-video-preview":"max-video-preview:-1"},"canonical":"https:\/\/www.agres.es\/es\/la-agencia-de-desarrollo-local\/","og_locale":"es_ES","og_type":"article","og_title":"LA AGENCIA DE DESARROLLO LOCAL - Agres","og_description":"La oficina de desarrollo local es un espacio destinado a dinamizar el territorio y integra tambi\u00e9n la oficina de turismo de Agres, que adem\u00e1s es punto de informaci\u00f3n del parque natural de la Sierra de Mariola.","og_url":"https:\/\/www.agres.es\/es\/la-agencia-de-desarrollo-local\/","og_site_name":"Agres","article_published_time":"2022-04-12T15:20:45+00:00","author":"Yolanda Sevadilla Navarro","twitter_card":"summary_large_image","twitter_misc":{"Escrito por":"Yolanda Sevadilla Navarro","Tiempo de lectura":"4 minutos"},"schema":{"@context":"https:\/\/schema.org","@graph":[{"@type":"Article","@id":"https:\/\/www.agres.es\/es\/la-agencia-de-desarrollo-local\/#article","isPartOf":{"@id":"https:\/\/www.agres.es\/es\/la-agencia-de-desarrollo-local\/"},"author":{"name":"Yolanda Sevadilla Navarro","@id":"https:\/\/www.agres.es\/es\/#\/schema\/person\/59cc6514833c37c96164781ff15bb194"},"headline":"LA AGENCIA DE DESARROLLO LOCAL","datePublished":"2022-04-12T15:20:45+00:00","mainEntityOfPage":{"@id":"https:\/\/www.agres.es\/es\/la-agencia-de-desarrollo-local\/"},"wordCount":847,"articleSection":["Destacado","Noticias"],"inLanguage":"es"},{"@type":"WebPage","@id":"https:\/\/www.agres.es\/es\/la-agencia-de-desarrollo-local\/","url":"https:\/\/www.agres.es\/es\/la-agencia-de-desarrollo-local\/","name":"LA AGENCIA DE DESARROLLO LOCAL - Agres","isPartOf":{"@id":"https:\/\/www.agres.es\/es\/#website"},"datePublished":"2022-04-12T15:20:45+00:00","author":{"@id":"https:\/\/www.agres.es\/es\/#\/schema\/person\/59cc6514833c37c96164781ff15bb194"},"description":"La oficina de desarrollo local es un espacio destinado a dinamizar el territorio y integra tambi\u00e9n la oficina de turismo de Agres, que adem\u00e1s es punto de informaci\u00f3n del parque natural de la Sierra de Mariola.","breadcrumb":{"@id":"https:\/\/www.agres.es\/es\/la-agencia-de-desarrollo-local\/#breadcrumb"},"inLanguage":"es","potentialAction":[{"@type":"ReadAction","target":["https:\/\/www.agres.es\/es\/la-agencia-de-desarrollo-local\/"]}]},{"@type":"BreadcrumbList","@id":"https:\/\/www.agres.es\/es\/la-agencia-de-desarrollo-local\/#breadcrumb","itemListElement":[{"@type":"ListItem","position":1,"name":"Inicio","item":"https:\/\/www.agres.es\/es\/"},{"@type":"ListItem","position":2,"name":"LA AGENCIA DE DESARROLLO LOCAL"}]},{"@type":"WebSite","@id":"https:\/\/www.agres.es\/es\/#website","url":"https:\/\/www.agres.es\/es\/","name":"Agres","description":"Ayuntamiento de la Vila de Agres","potentialAction":[{"@type":"SearchAction","target":{"@type":"EntryPoint","urlTemplate":"https:\/\/www.agres.es\/es\/?s={search_term_string}"},"query-input":{"@type":"PropertyValueSpecification","valueRequired":true,"valueName":"search_term_string"}}],"inLanguage":"es"},{"@type":"Person","@id":"https:\/\/www.agres.es\/es\/#\/schema\/person\/59cc6514833c37c96164781ff15bb194","name":"Yolanda Sevadilla Navarro"}]}},"_links":{"self":[{"href":"https:\/\/www.agres.es\/es\/wp-json\/wp\/v2\/posts\/63829","targetHints":{"allow":["GET"]}}],"collection":[{"href":"https:\/\/www.agres.es\/es\/wp-json\/wp\/v2\/posts"}],"about":[{"href":"https:\/\/www.agres.es\/es\/wp-json\/wp\/v2\/types\/post"}],"author":[{"embeddable":true,"href":"https:\/\/www.agres.es\/es\/wp-json\/wp\/v2\/users\/4"}],"replies":[{"embeddable":true,"href":"https:\/\/www.agres.es\/es\/wp-json\/wp\/v2\/comments?post=63829"}],"version-history":[{"count":0,"href":"https:\/\/www.agres.es\/es\/wp-json\/wp\/v2\/posts\/63829\/revisions"}],"wp:attachment":[{"href":"https:\/\/www.agres.es\/es\/wp-json\/wp\/v2\/media?parent=63829"}],"wp:term":[{"taxonomy":"category","embeddable":true,"href":"https:\/\/www.agres.es\/es\/wp-json\/wp\/v2\/categories?post=63829"},{"taxonomy":"post_tag","embeddable":true,"href":"https:\/\/www.agres.es\/es\/wp-json\/wp\/v2\/tags?post=63829"}],"curies":[{"name":"wp","href":"https:\/\/api.w.org\/{rel}","templated":true}]}}