{"id":64026,"date":"2022-05-19T12:22:30","date_gmt":"2022-05-19T10:22:30","guid":{"rendered":"https:\/\/www.agres.es\/revista-trobades\/"},"modified":"2022-05-19T13:01:12","modified_gmt":"2022-05-19T11:01:12","slug":"revista-trobades","status":"publish","type":"post","link":"https:\/\/www.agres.es\/es\/revista-trobades\/","title":{"rendered":"REVISTA TROBADES"},"content":{"rendered":"[et_pb_section fb_built=\u00bb1&#8243; fullwidth=\u00bbon\u00bb admin_label=\u00bbHeader Section\u00bb _builder_version=\u00bb4.17.1&#8243; background_image=\u00bbhttps:\/\/www.agres.es\/wp-content\/uploads\/2022\/05\/388ca38e-dd78-4ba9-9f67-7dba3c0173e3.jpg\u00bb parallax=\u00bbon\u00bb hover_enabled=\u00bb0&#8243; global_colors_info=\u00bb{}\u00bb alt=\u00bbTrobades_2022&#8243; title_text=\u00bb388ca38e-dd78-4ba9-9f67-7dba3c0173e3&#8243; sticky_enabled=\u00bb0&#8243;][et_pb_fullwidth_header text_orientation=\u00bbcenter\u00bb header_fullscreen=\u00bbon\u00bb background_overlay_color=\u00bbrgba(255,255,255,0.47)\u00bb _builder_version=\u00bb4.17.1&#8243; title_font=\u00bbOswald|500||on|||||\u00bb title_text_color=\u00bb#ffffff\u00bb title_font_size=\u00bb10vw\u00bb title_letter_spacing=\u00bb15px\u00bb title_line_height=\u00bb1.4em\u00bb content_font=\u00bb||||||||\u00bb subhead_font=\u00bbOswald|||on|||||\u00bb subhead_text_color=\u00bbrgba(12,12,12,0.2)\u00bb subhead_font_size=\u00bb24px\u00bb subhead_letter_spacing=\u00bb15px\u00bb subhead_line_height=\u00bb1.4em\u00bb background_color=\u00bbrgba(255, 255, 255, 0)\u00bb parallax=\u00bbon\u00bb custom_padding=\u00bb|||\u00bb animation_style=\u00bbfade\u00bb hover_enabled=\u00bb0&#8243; title_text_shadow_style=\u00bbpreset1&#8243; title_text_shadow_blur_strength=\u00bb0.25em\u00bb title_text_shadow_color=\u00bbrgba(12,12,12,0.15)\u00bb global_colors_info=\u00bb{}\u00bb button_one_text_size__hover_enabled=\u00bboff\u00bb button_two_text_size__hover_enabled=\u00bboff\u00bb button_one_text_color__hover_enabled=\u00bboff\u00bb button_two_text_color__hover_enabled=\u00bboff\u00bb button_one_border_width__hover_enabled=\u00bboff\u00bb button_two_border_width__hover_enabled=\u00bboff\u00bb button_one_border_color__hover_enabled=\u00bboff\u00bb button_two_border_color__hover_enabled=\u00bboff\u00bb button_one_border_radius__hover_enabled=\u00bboff\u00bb button_two_border_radius__hover_enabled=\u00bboff\u00bb button_one_letter_spacing__hover_enabled=\u00bboff\u00bb button_two_letter_spacing__hover_enabled=\u00bboff\u00bb button_one_bg_color__hover_enabled=\u00bboff\u00bb button_two_bg_color__hover_enabled=\u00bboff\u00bb sticky_enabled=\u00bb0&#8243;][\/et_pb_fullwidth_header][\/et_pb_section][et_pb_section fb_built=\u00bb1&#8243; admin_label=\u00bbIntro Section\u00bb _builder_version=\u00bb4.16&#8243; custom_padding=\u00bb60px|0px|60px|0px\u00bb global_colors_info=\u00bb{}\u00bb][et_pb_row _builder_version=\u00bb4.17.1&#8243; _module_preset=\u00bbdefault\u00bb][et_pb_column _builder_version=\u00bb4.17.1&#8243; _module_preset=\u00bbdefault\u00bb type=\u00bb4_4&#8243;][et_pb_image src=\u00bbhttps:\/\/www.agres.es\/wp-content\/uploads\/2022\/05\/388ca38e-dd78-4ba9-9f67-7dba3c0173e3.jpg\u00bb _builder_version=\u00bb4.17.1&#8243; _module_preset=\u00bbdefault\u00bb alt=\u00bbRevista_trobades2022&#8243; title_text=\u00bbRevista_trobades2022&#8243; hover_enabled=\u00bb0&#8243; sticky_enabled=\u00bb0&#8243;][\/et_pb_image][\/et_pb_column][\/et_pb_row][et_pb_row admin_label=\u00bbIntro Row\u00bb _builder_version=\u00bb4.17.1&#8243; hover_enabled=\u00bb0&#8243; global_colors_info=\u00bb{}\u00bb sticky_enabled=\u00bb0&#8243;][et_pb_column type=\u00bb4_4&#8243; _builder_version=\u00bb4.16&#8243; custom_padding=\u00bb|||\u00bb global_colors_info=\u00bb{}\u00bb custom_padding__hover=\u00bb|||\u00bb][et_pb_text _builder_version=\u00bb4.16&#8243; text_font=\u00bbOpen Sans|600|||||||\u00bb text_font_size=\u00bb16px\u00bb text_line_height=\u00bb1.8em\u00bb header_font=\u00bb||||||||\u00bb header_2_font=\u00bbOswald|||on|||||\u00bb header_2_font_size=\u00bb45px\u00bb header_2_letter_spacing=\u00bb3px\u00bb header_2_line_height=\u00bb1.4em\u00bb max_width=\u00bb600px\u00bb module_alignment=\u00bbcenter\u00bb custom_margin=\u00bb|||\u00bb custom_margin_tablet=\u00bb0px|||\u00bb custom_margin_phone=\u00bb|||\u00bb custom_margin_last_edited=\u00bboff|desktop\u00bb global_colors_info=\u00bb{}\u00bb custom_padding=\u00bb|0px||||\u00bb]S\u00e1bado 21 de mayo celebramos la 33 edici\u00f3n de los Encuentros de escuelas valencianas. Ser\u00e1 un d\u00eda llenazo de actividades para peque\u00f1os y grandes que nos encantar\u00e1 compartir con todos y todas. Os esperamos![\/et_pb_text][\/et_pb_column][\/et_pb_row][et_pb_row admin_label=\u00bbIntro Row\u00bb _builder_version=\u00bb4.16&#8243; global_colors_info=\u00bb{}\u00bb custom_padding=\u00bb||259px|||\u00bb][et_pb_column type=\u00bb4_4&#8243; _builder_version=\u00bb4.16&#8243; custom_padding=\u00bb|||\u00bb global_colors_info=\u00bb{}\u00bb custom_padding__hover=\u00bb|||\u00bb][et_pb_image src=\u00bbhttps:\/\/www.agres.es\/wp-content\/uploads\/2022\/05\/revista-trobades-2_page-0001.jpg\u00bb _builder_version=\u00bb4.17.1&#8243; _module_preset=\u00bbdefault\u00bb hover_enabled=\u00bb0&#8243; sticky_enabled=\u00bb0&#8243; custom_padding=\u00bb0px||0px|||\u00bb title_text=\u00bbrevista trobades (2)_page-0001&#8243;][\/et_pb_image][\/et_pb_column][\/et_pb_row][\/et_pb_section]\n","protected":false},"excerpt":{"rendered":"<p>S\u00e1bado 21 de mayo celebramos la 33 edici\u00f3n de las Trobades de escuelas valencianas.<\/p>\n","protected":false},"author":4,"featured_media":64016,"comment_status":"closed","ping_status":"closed","sticky":false,"template":"","format":"standard","meta":{"_et_pb_use_builder":"on","_et_pb_old_content":"","_et_gb_content_width":"","footnotes":""},"categories":[152,162,161],"tags":[],"class_list":["post-64026","post","type-post","status-publish","format-standard","has-post-thumbnail","hentry","category-destacat","category-festes","category-patrimoni-cultural"],"yoast_head":"<!-- This site is optimized with the Yoast SEO plugin v26.9 - https:\/\/yoast.com\/product\/yoast-seo-wordpress\/ -->\n<title>REVISTA TROBADES - Agres<\/title>\n<meta name=\"description\" content=\"S\u00e1bado 21 de mayo celebramos la 33 edici\u00f3n de las Trobades de escuelas valencianas.\" \/>\n<meta name=\"robots\" content=\"index, follow, max-snippet:-1, max-image-preview:large, max-video-preview:-1\" \/>\n<link rel=\"canonical\" href=\"https:\/\/www.agres.es\/es\/revista-trobades\/\" \/>\n<meta property=\"og:locale\" content=\"es_ES\" \/>\n<meta property=\"og:type\" content=\"article\" \/>\n<meta property=\"og:title\" content=\"REVISTA TROBADES - Agres\" \/>\n<meta property=\"og:description\" content=\"S\u00e1bado 21 de mayo celebramos la 33 edici\u00f3n de las Trobades de escuelas valencianas.\" \/>\n<meta property=\"og:url\" content=\"https:\/\/www.agres.es\/es\/revista-trobades\/\" \/>\n<meta property=\"og:site_name\" content=\"Agres\" \/>\n<meta property=\"article:published_time\" content=\"2022-05-19T10:22:30+00:00\" \/>\n<meta property=\"article:modified_time\" content=\"2022-05-19T11:01:12+00:00\" \/>\n<meta property=\"og:image\" content=\"https:\/\/www.agres.es\/wp-content\/uploads\/2022\/05\/revista-trobades-2_page-0001.jpg\" \/>\n\t<meta property=\"og:image:width\" content=\"1241\" \/>\n\t<meta property=\"og:image:height\" content=\"1754\" \/>\n\t<meta property=\"og:image:type\" content=\"image\/jpeg\" \/>\n<meta name=\"author\" content=\"Yolanda Sevadilla Navarro\" \/>\n<meta name=\"twitter:card\" content=\"summary_large_image\" \/>\n<meta name=\"twitter:label1\" content=\"Escrito por\" \/>\n\t<meta name=\"twitter:data1\" content=\"Yolanda Sevadilla Navarro\" \/>\n\t<meta name=\"twitter:label2\" content=\"Tiempo de lectura\" \/>\n\t<meta name=\"twitter:data2\" content=\"3 minutos\" \/>\n<script type=\"application\/ld+json\" class=\"yoast-schema-graph\">{\"@context\":\"https:\/\/schema.org\",\"@graph\":[{\"@type\":\"Article\",\"@id\":\"https:\/\/www.agres.es\/es\/revista-trobades\/#article\",\"isPartOf\":{\"@id\":\"https:\/\/www.agres.es\/es\/revista-trobades\/\"},\"author\":{\"name\":\"Yolanda Sevadilla Navarro\",\"@id\":\"https:\/\/www.agres.es\/es\/#\/schema\/person\/59cc6514833c37c96164781ff15bb194\"},\"headline\":\"REVISTA TROBADES\",\"datePublished\":\"2022-05-19T10:22:30+00:00\",\"dateModified\":\"2022-05-19T11:01:12+00:00\",\"mainEntityOfPage\":{\"@id\":\"https:\/\/www.agres.es\/es\/revista-trobades\/\"},\"wordCount\":545,\"image\":{\"@id\":\"https:\/\/www.agres.es\/es\/revista-trobades\/#primaryimage\"},\"thumbnailUrl\":\"https:\/\/www.agres.es\/wp-content\/uploads\/2022\/05\/revista-trobades-2_page-0001.jpg\",\"articleSection\":[\"Destacat\",\"Festes\",\"Patrimoni cultural\"],\"inLanguage\":\"es\"},{\"@type\":\"WebPage\",\"@id\":\"https:\/\/www.agres.es\/es\/revista-trobades\/\",\"url\":\"https:\/\/www.agres.es\/es\/revista-trobades\/\",\"name\":\"REVISTA TROBADES - Agres\",\"isPartOf\":{\"@id\":\"https:\/\/www.agres.es\/es\/#website\"},\"primaryImageOfPage\":{\"@id\":\"https:\/\/www.agres.es\/es\/revista-trobades\/#primaryimage\"},\"image\":{\"@id\":\"https:\/\/www.agres.es\/es\/revista-trobades\/#primaryimage\"},\"thumbnailUrl\":\"https:\/\/www.agres.es\/wp-content\/uploads\/2022\/05\/revista-trobades-2_page-0001.jpg\",\"datePublished\":\"2022-05-19T10:22:30+00:00\",\"dateModified\":\"2022-05-19T11:01:12+00:00\",\"author\":{\"@id\":\"https:\/\/www.agres.es\/es\/#\/schema\/person\/59cc6514833c37c96164781ff15bb194\"},\"description\":\"S\u00e1bado 21 de mayo celebramos la 33 edici\u00f3n de las Trobades de escuelas valencianas.\",\"breadcrumb\":{\"@id\":\"https:\/\/www.agres.es\/es\/revista-trobades\/#breadcrumb\"},\"inLanguage\":\"es\",\"potentialAction\":[{\"@type\":\"ReadAction\",\"target\":[\"https:\/\/www.agres.es\/es\/revista-trobades\/\"]}]},{\"@type\":\"ImageObject\",\"inLanguage\":\"es\",\"@id\":\"https:\/\/www.agres.es\/es\/revista-trobades\/#primaryimage\",\"url\":\"https:\/\/www.agres.es\/wp-content\/uploads\/2022\/05\/revista-trobades-2_page-0001.jpg\",\"contentUrl\":\"https:\/\/www.agres.es\/wp-content\/uploads\/2022\/05\/revista-trobades-2_page-0001.jpg\",\"width\":1241,\"height\":1754},{\"@type\":\"BreadcrumbList\",\"@id\":\"https:\/\/www.agres.es\/es\/revista-trobades\/#breadcrumb\",\"itemListElement\":[{\"@type\":\"ListItem\",\"position\":1,\"name\":\"Inicio\",\"item\":\"https:\/\/www.agres.es\/es\/\"},{\"@type\":\"ListItem\",\"position\":2,\"name\":\"REVISTA TROBADES\"}]},{\"@type\":\"WebSite\",\"@id\":\"https:\/\/www.agres.es\/es\/#website\",\"url\":\"https:\/\/www.agres.es\/es\/\",\"name\":\"Agres\",\"description\":\"Ayuntamiento de la Vila de Agres\",\"potentialAction\":[{\"@type\":\"SearchAction\",\"target\":{\"@type\":\"EntryPoint\",\"urlTemplate\":\"https:\/\/www.agres.es\/es\/?s={search_term_string}\"},\"query-input\":{\"@type\":\"PropertyValueSpecification\",\"valueRequired\":true,\"valueName\":\"search_term_string\"}}],\"inLanguage\":\"es\"},{\"@type\":\"Person\",\"@id\":\"https:\/\/www.agres.es\/es\/#\/schema\/person\/59cc6514833c37c96164781ff15bb194\",\"name\":\"Yolanda Sevadilla Navarro\"}]}<\/script>\n<!-- \/ Yoast SEO plugin. -->","yoast_head_json":{"title":"REVISTA TROBADES - Agres","description":"S\u00e1bado 21 de mayo celebramos la 33 edici\u00f3n de las Trobades de escuelas valencianas.","robots":{"index":"index","follow":"follow","max-snippet":"max-snippet:-1","max-image-preview":"max-image-preview:large","max-video-preview":"max-video-preview:-1"},"canonical":"https:\/\/www.agres.es\/es\/revista-trobades\/","og_locale":"es_ES","og_type":"article","og_title":"REVISTA TROBADES - Agres","og_description":"S\u00e1bado 21 de mayo celebramos la 33 edici\u00f3n de las Trobades de escuelas valencianas.","og_url":"https:\/\/www.agres.es\/es\/revista-trobades\/","og_site_name":"Agres","article_published_time":"2022-05-19T10:22:30+00:00","article_modified_time":"2022-05-19T11:01:12+00:00","og_image":[{"width":1241,"height":1754,"url":"https:\/\/www.agres.es\/wp-content\/uploads\/2022\/05\/revista-trobades-2_page-0001.jpg","type":"image\/jpeg"}],"author":"Yolanda Sevadilla Navarro","twitter_card":"summary_large_image","twitter_misc":{"Escrito por":"Yolanda Sevadilla Navarro","Tiempo de lectura":"3 minutos"},"schema":{"@context":"https:\/\/schema.org","@graph":[{"@type":"Article","@id":"https:\/\/www.agres.es\/es\/revista-trobades\/#article","isPartOf":{"@id":"https:\/\/www.agres.es\/es\/revista-trobades\/"},"author":{"name":"Yolanda Sevadilla Navarro","@id":"https:\/\/www.agres.es\/es\/#\/schema\/person\/59cc6514833c37c96164781ff15bb194"},"headline":"REVISTA TROBADES","datePublished":"2022-05-19T10:22:30+00:00","dateModified":"2022-05-19T11:01:12+00:00","mainEntityOfPage":{"@id":"https:\/\/www.agres.es\/es\/revista-trobades\/"},"wordCount":545,"image":{"@id":"https:\/\/www.agres.es\/es\/revista-trobades\/#primaryimage"},"thumbnailUrl":"https:\/\/www.agres.es\/wp-content\/uploads\/2022\/05\/revista-trobades-2_page-0001.jpg","articleSection":["Destacat","Festes","Patrimoni cultural"],"inLanguage":"es"},{"@type":"WebPage","@id":"https:\/\/www.agres.es\/es\/revista-trobades\/","url":"https:\/\/www.agres.es\/es\/revista-trobades\/","name":"REVISTA TROBADES - Agres","isPartOf":{"@id":"https:\/\/www.agres.es\/es\/#website"},"primaryImageOfPage":{"@id":"https:\/\/www.agres.es\/es\/revista-trobades\/#primaryimage"},"image":{"@id":"https:\/\/www.agres.es\/es\/revista-trobades\/#primaryimage"},"thumbnailUrl":"https:\/\/www.agres.es\/wp-content\/uploads\/2022\/05\/revista-trobades-2_page-0001.jpg","datePublished":"2022-05-19T10:22:30+00:00","dateModified":"2022-05-19T11:01:12+00:00","author":{"@id":"https:\/\/www.agres.es\/es\/#\/schema\/person\/59cc6514833c37c96164781ff15bb194"},"description":"S\u00e1bado 21 de mayo celebramos la 33 edici\u00f3n de las Trobades de escuelas valencianas.","breadcrumb":{"@id":"https:\/\/www.agres.es\/es\/revista-trobades\/#breadcrumb"},"inLanguage":"es","potentialAction":[{"@type":"ReadAction","target":["https:\/\/www.agres.es\/es\/revista-trobades\/"]}]},{"@type":"ImageObject","inLanguage":"es","@id":"https:\/\/www.agres.es\/es\/revista-trobades\/#primaryimage","url":"https:\/\/www.agres.es\/wp-content\/uploads\/2022\/05\/revista-trobades-2_page-0001.jpg","contentUrl":"https:\/\/www.agres.es\/wp-content\/uploads\/2022\/05\/revista-trobades-2_page-0001.jpg","width":1241,"height":1754},{"@type":"BreadcrumbList","@id":"https:\/\/www.agres.es\/es\/revista-trobades\/#breadcrumb","itemListElement":[{"@type":"ListItem","position":1,"name":"Inicio","item":"https:\/\/www.agres.es\/es\/"},{"@type":"ListItem","position":2,"name":"REVISTA TROBADES"}]},{"@type":"WebSite","@id":"https:\/\/www.agres.es\/es\/#website","url":"https:\/\/www.agres.es\/es\/","name":"Agres","description":"Ayuntamiento de la Vila de Agres","potentialAction":[{"@type":"SearchAction","target":{"@type":"EntryPoint","urlTemplate":"https:\/\/www.agres.es\/es\/?s={search_term_string}"},"query-input":{"@type":"PropertyValueSpecification","valueRequired":true,"valueName":"search_term_string"}}],"inLanguage":"es"},{"@type":"Person","@id":"https:\/\/www.agres.es\/es\/#\/schema\/person\/59cc6514833c37c96164781ff15bb194","name":"Yolanda Sevadilla Navarro"}]}},"_links":{"self":[{"href":"https:\/\/www.agres.es\/es\/wp-json\/wp\/v2\/posts\/64026","targetHints":{"allow":["GET"]}}],"collection":[{"href":"https:\/\/www.agres.es\/es\/wp-json\/wp\/v2\/posts"}],"about":[{"href":"https:\/\/www.agres.es\/es\/wp-json\/wp\/v2\/types\/post"}],"author":[{"embeddable":true,"href":"https:\/\/www.agres.es\/es\/wp-json\/wp\/v2\/users\/4"}],"replies":[{"embeddable":true,"href":"https:\/\/www.agres.es\/es\/wp-json\/wp\/v2\/comments?post=64026"}],"version-history":[{"count":0,"href":"https:\/\/www.agres.es\/es\/wp-json\/wp\/v2\/posts\/64026\/revisions"}],"wp:featuredmedia":[{"embeddable":true,"href":"https:\/\/www.agres.es\/es\/wp-json\/wp\/v2\/media\/64016"}],"wp:attachment":[{"href":"https:\/\/www.agres.es\/es\/wp-json\/wp\/v2\/media?parent=64026"}],"wp:term":[{"taxonomy":"category","embeddable":true,"href":"https:\/\/www.agres.es\/es\/wp-json\/wp\/v2\/categories?post=64026"},{"taxonomy":"post_tag","embeddable":true,"href":"https:\/\/www.agres.es\/es\/wp-json\/wp\/v2\/tags?post=64026"}],"curies":[{"name":"wp","href":"https:\/\/api.w.org\/{rel}","templated":true}]}}