{"id":64138,"date":"2022-06-16T12:27:55","date_gmt":"2022-06-16T10:27:55","guid":{"rendered":"https:\/\/www.agres.es\/tour-iberic\/"},"modified":"2022-07-04T11:07:58","modified_gmt":"2022-07-04T09:07:58","slug":"tour-iberic","status":"publish","type":"post","link":"https:\/\/www.agres.es\/es\/tour-iberic\/","title":{"rendered":"Tour Ib\u00e8ric"},"content":{"rendered":"[et_pb_section fb_built=\u00bb1&#8243; _builder_version=\u00bb4.17.4&#8243; use_background_color_gradient=\u00bbon\u00bb background_color_gradient_stops=\u00bb#ffffff 0%|rgba(0,0,0,0.09) 53%\u00bb global_colors_info=\u00bb{}\u00bb][et_pb_row _builder_version=\u00bb4.16&#8243; background_size=\u00bbinitial\u00bb background_position=\u00bbtop_left\u00bb background_repeat=\u00bbrepeat\u00bb global_colors_info=\u00bb{}\u00bb][et_pb_column type=\u00bb4_4&#8243; _builder_version=\u00bb4.17.4&#8243; _module_preset=\u00bbdefault\u00bb global_colors_info=\u00bb{}\u00bb][et_pb_text _builder_version=\u00bb4.17.4&#8243; _module_preset=\u00bbdefault\u00bb global_colors_info=\u00bb{}\u00bb]\n<h1 style=\"text-align: center;\">TOUR IB\u00c9RICO<\/h1>\n[\/et_pb_text][\/et_pb_column][\/et_pb_row][et_pb_row _builder_version=\u00bb4.17.4&#8243; _module_preset=\u00bbdefault\u00bb global_colors_info=\u00bb{}\u00bb][et_pb_column type=\u00bb4_4&#8243; _builder_version=\u00bb4.17.4&#8243; _module_preset=\u00bbdefault\u00bb global_colors_info=\u00bb{}\u00bb][et_pb_text _builder_version=\u00bb4.17.4&#8243; _module_preset=\u00bbdefault\u00bb global_colors_info=\u00bb{}\u00bb]2800 km en bicicleta por la Pen\u00ednsula Ib\u00e9rica.<br \/>\nEl Tour Ib\u00e9rico es un viaje en bicicleta en solitario con el objetivo de dar visibilidad a un proyecto solidario y recaudar fondos, que ir\u00e1n destinados \u00edntegramente al proyecto \u201cVeloformaci\u00f3n en mec\u00e1nica de bicicletas\u201d.<br \/>\nLa formaci\u00f3n, va dirigida a personas en situaci\u00f3n de vulnerabilidad socioecon\u00f3mica, con el fin de facilitarles su inserci\u00f3n laboral y garantizar su inclusi\u00f3n social, para que puedan abrirse un camino y aumentar sus oportunidades a la hora de incorporar en el mundo laboral.[\/et_pb_text][\/et_pb_column][\/et_pb_row][et_pb_row _builder_version=\u00bb4.17.4&#8243; _module_preset=\u00bbdefault\u00bb global_colors_info=\u00bb{}\u00bb][et_pb_column type=\u00bb4_4&#8243; _builder_version=\u00bb4.17.4&#8243; _module_preset=\u00bbdefault\u00bb global_colors_info=\u00bb{}\u00bb][et_pb_image src=\u00bbhttps:\/\/www.agres.es\/wp-content\/uploads\/2022\/07\/WhatsApp-Image-2022-07-03-at-23.14.37.jpeg\u00bb title_text=\u00bbWhatsApp Image 2022-07-03 at 23.14.37&#8243; _builder_version=\u00bb4.17.4&#8243; _module_preset=\u00bbdefault\u00bb hover_enabled=\u00bb0&#8243; global_colors_info=\u00bb{}\u00bb sticky_enabled=\u00bb0&#8243;][\/et_pb_image][\/et_pb_column][\/et_pb_row][et_pb_row _builder_version=\u00bb4.17.4&#8243; _module_preset=\u00bbdefault\u00bb global_colors_info=\u00bb{}\u00bb][et_pb_column type=\u00bb4_4&#8243; _builder_version=\u00bb4.17.4&#8243; _module_preset=\u00bbdefault\u00bb global_colors_info=\u00bb{}\u00bb][et_pb_image src=\u00bbhttps:\/\/www.agres.es\/wp-content\/uploads\/2022\/07\/WhatsApp-Image-2022-07-03-at-23.13.49.jpeg\u00bb title_text=\u00bbWhatsApp Image 2022-07-03 at 23.13.49&#8243; _builder_version=\u00bb4.17.4&#8243; _module_preset=\u00bbdefault\u00bb hover_enabled=\u00bb0&#8243; global_colors_info=\u00bb{}\u00bb sticky_enabled=\u00bb0&#8243;][\/et_pb_image][\/et_pb_column][\/et_pb_row][\/et_pb_section]\n","protected":false},"excerpt":{"rendered":"<p>TOUR IB\u00c9RICO2800 km en bicicleta por la Pen\u00ednsula Ib\u00e9rica. El Tour Ib\u00e9rico es un viaje en bicicleta en solitario con el objetivo de dar visibilidad a un proyecto solidario y [&hellip;]<\/p>\n","protected":false},"author":4,"featured_media":64127,"comment_status":"closed","ping_status":"closed","sticky":false,"template":"","format":"standard","meta":{"_et_pb_use_builder":"on","_et_pb_old_content":"","_et_gb_content_width":"","footnotes":""},"categories":[190,152,153,151,156],"tags":[],"class_list":["post-64138","post","type-post","status-publish","format-standard","has-post-thumbnail","hentry","category-cultura","category-destacat","category-esports","category-noticies","category-turisme"],"yoast_head":"<!-- This site is optimized with the Yoast SEO plugin v26.9 - https:\/\/yoast.com\/product\/yoast-seo-wordpress\/ -->\n<title>Tour Ib\u00e8ric - Agres<\/title>\n<meta name=\"description\" content=\"El Tour Ib\u00e9rico es un viaje en bicicleta en solitario con el objetivo de dar visibilidad a un proyecto solidario y recaudar fondo.\" \/>\n<meta name=\"robots\" content=\"index, follow, max-snippet:-1, max-image-preview:large, max-video-preview:-1\" \/>\n<link rel=\"canonical\" href=\"https:\/\/www.agres.es\/es\/tour-iberic\/\" \/>\n<meta property=\"og:locale\" content=\"es_ES\" \/>\n<meta property=\"og:type\" content=\"article\" \/>\n<meta property=\"og:title\" content=\"Tour Ib\u00e8ric - Agres\" \/>\n<meta property=\"og:description\" content=\"El Tour Ib\u00e9rico es un viaje en bicicleta en solitario con el objetivo de dar visibilidad a un proyecto solidario y recaudar fondo.\" \/>\n<meta property=\"og:url\" content=\"https:\/\/www.agres.es\/es\/tour-iberic\/\" \/>\n<meta property=\"og:site_name\" content=\"Agres\" \/>\n<meta property=\"article:published_time\" content=\"2022-06-16T10:27:55+00:00\" \/>\n<meta property=\"article:modified_time\" content=\"2022-07-04T09:07:58+00:00\" \/>\n<meta property=\"og:image\" content=\"https:\/\/www.agres.es\/wp-content\/uploads\/2022\/06\/Velorecicla-avsa-felice-tedesco-agres-fidenza-solidarieta-beneficienza-aiuto-bici-tour-ciclismo-bikepacking-cicloturismo-2-2.png\" \/>\n\t<meta property=\"og:image:width\" content=\"1080\" \/>\n\t<meta property=\"og:image:height\" content=\"1080\" \/>\n\t<meta property=\"og:image:type\" content=\"image\/png\" \/>\n<meta name=\"author\" content=\"Yolanda Sevadilla Navarro\" \/>\n<meta name=\"twitter:card\" content=\"summary_large_image\" \/>\n<meta name=\"twitter:label1\" content=\"Escrito por\" \/>\n\t<meta name=\"twitter:data1\" content=\"Yolanda Sevadilla Navarro\" \/>\n\t<meta name=\"twitter:label2\" content=\"Tiempo de lectura\" \/>\n\t<meta name=\"twitter:data2\" content=\"2 minutos\" \/>\n<script type=\"application\/ld+json\" class=\"yoast-schema-graph\">{\"@context\":\"https:\/\/schema.org\",\"@graph\":[{\"@type\":\"Article\",\"@id\":\"https:\/\/www.agres.es\/es\/tour-iberic\/#article\",\"isPartOf\":{\"@id\":\"https:\/\/www.agres.es\/es\/tour-iberic\/\"},\"author\":{\"name\":\"Yolanda Sevadilla Navarro\",\"@id\":\"https:\/\/www.agres.es\/es\/#\/schema\/person\/59cc6514833c37c96164781ff15bb194\"},\"headline\":\"Tour Ib\u00e8ric\",\"datePublished\":\"2022-06-16T10:27:55+00:00\",\"dateModified\":\"2022-07-04T09:07:58+00:00\",\"mainEntityOfPage\":{\"@id\":\"https:\/\/www.agres.es\/es\/tour-iberic\/\"},\"wordCount\":350,\"image\":{\"@id\":\"https:\/\/www.agres.es\/es\/tour-iberic\/#primaryimage\"},\"thumbnailUrl\":\"https:\/\/www.agres.es\/wp-content\/uploads\/2022\/06\/Velorecicla-avsa-felice-tedesco-agres-fidenza-solidarieta-beneficienza-aiuto-bici-tour-ciclismo-bikepacking-cicloturismo-2-2.png\",\"articleSection\":[\"Cultura\",\"Destacat\",\"Esports\",\"Not\u00edcies\",\"Turisme\"],\"inLanguage\":\"es\"},{\"@type\":\"WebPage\",\"@id\":\"https:\/\/www.agres.es\/es\/tour-iberic\/\",\"url\":\"https:\/\/www.agres.es\/es\/tour-iberic\/\",\"name\":\"Tour Ib\u00e8ric - Agres\",\"isPartOf\":{\"@id\":\"https:\/\/www.agres.es\/es\/#website\"},\"primaryImageOfPage\":{\"@id\":\"https:\/\/www.agres.es\/es\/tour-iberic\/#primaryimage\"},\"image\":{\"@id\":\"https:\/\/www.agres.es\/es\/tour-iberic\/#primaryimage\"},\"thumbnailUrl\":\"https:\/\/www.agres.es\/wp-content\/uploads\/2022\/06\/Velorecicla-avsa-felice-tedesco-agres-fidenza-solidarieta-beneficienza-aiuto-bici-tour-ciclismo-bikepacking-cicloturismo-2-2.png\",\"datePublished\":\"2022-06-16T10:27:55+00:00\",\"dateModified\":\"2022-07-04T09:07:58+00:00\",\"author\":{\"@id\":\"https:\/\/www.agres.es\/es\/#\/schema\/person\/59cc6514833c37c96164781ff15bb194\"},\"description\":\"El Tour Ib\u00e9rico es un viaje en bicicleta en solitario con el objetivo de dar visibilidad a un proyecto solidario y recaudar fondo.\",\"breadcrumb\":{\"@id\":\"https:\/\/www.agres.es\/es\/tour-iberic\/#breadcrumb\"},\"inLanguage\":\"es\",\"potentialAction\":[{\"@type\":\"ReadAction\",\"target\":[\"https:\/\/www.agres.es\/es\/tour-iberic\/\"]}]},{\"@type\":\"ImageObject\",\"inLanguage\":\"es\",\"@id\":\"https:\/\/www.agres.es\/es\/tour-iberic\/#primaryimage\",\"url\":\"https:\/\/www.agres.es\/wp-content\/uploads\/2022\/06\/Velorecicla-avsa-felice-tedesco-agres-fidenza-solidarieta-beneficienza-aiuto-bici-tour-ciclismo-bikepacking-cicloturismo-2-2.png\",\"contentUrl\":\"https:\/\/www.agres.es\/wp-content\/uploads\/2022\/06\/Velorecicla-avsa-felice-tedesco-agres-fidenza-solidarieta-beneficienza-aiuto-bici-tour-ciclismo-bikepacking-cicloturismo-2-2.png\",\"width\":1080,\"height\":1080},{\"@type\":\"BreadcrumbList\",\"@id\":\"https:\/\/www.agres.es\/es\/tour-iberic\/#breadcrumb\",\"itemListElement\":[{\"@type\":\"ListItem\",\"position\":1,\"name\":\"Inicio\",\"item\":\"https:\/\/www.agres.es\/es\/\"},{\"@type\":\"ListItem\",\"position\":2,\"name\":\"Tour Ib\u00e8ric\"}]},{\"@type\":\"WebSite\",\"@id\":\"https:\/\/www.agres.es\/es\/#website\",\"url\":\"https:\/\/www.agres.es\/es\/\",\"name\":\"Agres\",\"description\":\"Ayuntamiento de la Vila de Agres\",\"potentialAction\":[{\"@type\":\"SearchAction\",\"target\":{\"@type\":\"EntryPoint\",\"urlTemplate\":\"https:\/\/www.agres.es\/es\/?s={search_term_string}\"},\"query-input\":{\"@type\":\"PropertyValueSpecification\",\"valueRequired\":true,\"valueName\":\"search_term_string\"}}],\"inLanguage\":\"es\"},{\"@type\":\"Person\",\"@id\":\"https:\/\/www.agres.es\/es\/#\/schema\/person\/59cc6514833c37c96164781ff15bb194\",\"name\":\"Yolanda Sevadilla Navarro\"}]}<\/script>\n<!-- \/ Yoast SEO plugin. -->","yoast_head_json":{"title":"Tour Ib\u00e8ric - Agres","description":"El Tour Ib\u00e9rico es un viaje en bicicleta en solitario con el objetivo de dar visibilidad a un proyecto solidario y recaudar fondo.","robots":{"index":"index","follow":"follow","max-snippet":"max-snippet:-1","max-image-preview":"max-image-preview:large","max-video-preview":"max-video-preview:-1"},"canonical":"https:\/\/www.agres.es\/es\/tour-iberic\/","og_locale":"es_ES","og_type":"article","og_title":"Tour Ib\u00e8ric - Agres","og_description":"El Tour Ib\u00e9rico es un viaje en bicicleta en solitario con el objetivo de dar visibilidad a un proyecto solidario y recaudar fondo.","og_url":"https:\/\/www.agres.es\/es\/tour-iberic\/","og_site_name":"Agres","article_published_time":"2022-06-16T10:27:55+00:00","article_modified_time":"2022-07-04T09:07:58+00:00","og_image":[{"width":1080,"height":1080,"url":"https:\/\/www.agres.es\/wp-content\/uploads\/2022\/06\/Velorecicla-avsa-felice-tedesco-agres-fidenza-solidarieta-beneficienza-aiuto-bici-tour-ciclismo-bikepacking-cicloturismo-2-2.png","type":"image\/png"}],"author":"Yolanda Sevadilla Navarro","twitter_card":"summary_large_image","twitter_misc":{"Escrito por":"Yolanda Sevadilla Navarro","Tiempo de lectura":"2 minutos"},"schema":{"@context":"https:\/\/schema.org","@graph":[{"@type":"Article","@id":"https:\/\/www.agres.es\/es\/tour-iberic\/#article","isPartOf":{"@id":"https:\/\/www.agres.es\/es\/tour-iberic\/"},"author":{"name":"Yolanda Sevadilla Navarro","@id":"https:\/\/www.agres.es\/es\/#\/schema\/person\/59cc6514833c37c96164781ff15bb194"},"headline":"Tour Ib\u00e8ric","datePublished":"2022-06-16T10:27:55+00:00","dateModified":"2022-07-04T09:07:58+00:00","mainEntityOfPage":{"@id":"https:\/\/www.agres.es\/es\/tour-iberic\/"},"wordCount":350,"image":{"@id":"https:\/\/www.agres.es\/es\/tour-iberic\/#primaryimage"},"thumbnailUrl":"https:\/\/www.agres.es\/wp-content\/uploads\/2022\/06\/Velorecicla-avsa-felice-tedesco-agres-fidenza-solidarieta-beneficienza-aiuto-bici-tour-ciclismo-bikepacking-cicloturismo-2-2.png","articleSection":["Cultura","Destacat","Esports","Not\u00edcies","Turisme"],"inLanguage":"es"},{"@type":"WebPage","@id":"https:\/\/www.agres.es\/es\/tour-iberic\/","url":"https:\/\/www.agres.es\/es\/tour-iberic\/","name":"Tour Ib\u00e8ric - Agres","isPartOf":{"@id":"https:\/\/www.agres.es\/es\/#website"},"primaryImageOfPage":{"@id":"https:\/\/www.agres.es\/es\/tour-iberic\/#primaryimage"},"image":{"@id":"https:\/\/www.agres.es\/es\/tour-iberic\/#primaryimage"},"thumbnailUrl":"https:\/\/www.agres.es\/wp-content\/uploads\/2022\/06\/Velorecicla-avsa-felice-tedesco-agres-fidenza-solidarieta-beneficienza-aiuto-bici-tour-ciclismo-bikepacking-cicloturismo-2-2.png","datePublished":"2022-06-16T10:27:55+00:00","dateModified":"2022-07-04T09:07:58+00:00","author":{"@id":"https:\/\/www.agres.es\/es\/#\/schema\/person\/59cc6514833c37c96164781ff15bb194"},"description":"El Tour Ib\u00e9rico es un viaje en bicicleta en solitario con el objetivo de dar visibilidad a un proyecto solidario y recaudar fondo.","breadcrumb":{"@id":"https:\/\/www.agres.es\/es\/tour-iberic\/#breadcrumb"},"inLanguage":"es","potentialAction":[{"@type":"ReadAction","target":["https:\/\/www.agres.es\/es\/tour-iberic\/"]}]},{"@type":"ImageObject","inLanguage":"es","@id":"https:\/\/www.agres.es\/es\/tour-iberic\/#primaryimage","url":"https:\/\/www.agres.es\/wp-content\/uploads\/2022\/06\/Velorecicla-avsa-felice-tedesco-agres-fidenza-solidarieta-beneficienza-aiuto-bici-tour-ciclismo-bikepacking-cicloturismo-2-2.png","contentUrl":"https:\/\/www.agres.es\/wp-content\/uploads\/2022\/06\/Velorecicla-avsa-felice-tedesco-agres-fidenza-solidarieta-beneficienza-aiuto-bici-tour-ciclismo-bikepacking-cicloturismo-2-2.png","width":1080,"height":1080},{"@type":"BreadcrumbList","@id":"https:\/\/www.agres.es\/es\/tour-iberic\/#breadcrumb","itemListElement":[{"@type":"ListItem","position":1,"name":"Inicio","item":"https:\/\/www.agres.es\/es\/"},{"@type":"ListItem","position":2,"name":"Tour Ib\u00e8ric"}]},{"@type":"WebSite","@id":"https:\/\/www.agres.es\/es\/#website","url":"https:\/\/www.agres.es\/es\/","name":"Agres","description":"Ayuntamiento de la Vila de Agres","potentialAction":[{"@type":"SearchAction","target":{"@type":"EntryPoint","urlTemplate":"https:\/\/www.agres.es\/es\/?s={search_term_string}"},"query-input":{"@type":"PropertyValueSpecification","valueRequired":true,"valueName":"search_term_string"}}],"inLanguage":"es"},{"@type":"Person","@id":"https:\/\/www.agres.es\/es\/#\/schema\/person\/59cc6514833c37c96164781ff15bb194","name":"Yolanda Sevadilla Navarro"}]}},"_links":{"self":[{"href":"https:\/\/www.agres.es\/es\/wp-json\/wp\/v2\/posts\/64138","targetHints":{"allow":["GET"]}}],"collection":[{"href":"https:\/\/www.agres.es\/es\/wp-json\/wp\/v2\/posts"}],"about":[{"href":"https:\/\/www.agres.es\/es\/wp-json\/wp\/v2\/types\/post"}],"author":[{"embeddable":true,"href":"https:\/\/www.agres.es\/es\/wp-json\/wp\/v2\/users\/4"}],"replies":[{"embeddable":true,"href":"https:\/\/www.agres.es\/es\/wp-json\/wp\/v2\/comments?post=64138"}],"version-history":[{"count":0,"href":"https:\/\/www.agres.es\/es\/wp-json\/wp\/v2\/posts\/64138\/revisions"}],"wp:featuredmedia":[{"embeddable":true,"href":"https:\/\/www.agres.es\/es\/wp-json\/wp\/v2\/media\/64127"}],"wp:attachment":[{"href":"https:\/\/www.agres.es\/es\/wp-json\/wp\/v2\/media?parent=64138"}],"wp:term":[{"taxonomy":"category","embeddable":true,"href":"https:\/\/www.agres.es\/es\/wp-json\/wp\/v2\/categories?post=64138"},{"taxonomy":"post_tag","embeddable":true,"href":"https:\/\/www.agres.es\/es\/wp-json\/wp\/v2\/tags?post=64138"}],"curies":[{"name":"wp","href":"https:\/\/api.w.org\/{rel}","templated":true}]}}