{"id":64338,"date":"2022-08-05T10:13:47","date_gmt":"2022-08-05T08:13:47","guid":{"rendered":"https:\/\/www.agres.es\/palabras-pintadas\/"},"modified":"2022-08-05T10:30:14","modified_gmt":"2022-08-05T08:30:14","slug":"palabras-pintadas","status":"publish","type":"post","link":"https:\/\/www.agres.es\/es\/palabras-pintadas\/","title":{"rendered":"PALABRAS PINTADAS"},"content":{"rendered":"[et_pb_section fb_built=\u00bb1&#8243; _builder_version=\u00bb4.17.4&#8243; hover_enabled=\u00bb0&#8243; global_colors_info=\u00bb{}\u00bb use_background_color_gradient=\u00bbon\u00bb background_color_gradient_stops=\u00bbrgba(216,216,216,0) 0%|rgba(106, 106, 106, 0.06) 67%|rgba(0,0,0,0.11) 100%\u00bb sticky_enabled=\u00bb0&#8243;][et_pb_row _builder_version=\u00bb4.17.4&#8243; _module_preset=\u00bbdefault\u00bb][et_pb_column _builder_version=\u00bb4.17.4&#8243; _module_preset=\u00bbdefault\u00bb type=\u00bb4_4&#8243;][et_pb_post_title _builder_version=\u00bb4.17.4&#8243; _module_preset=\u00bbdefault\u00bb meta=\u00bboff\u00bb featured_image=\u00bboff\u00bb title_font_size=\u00bb36px\u00bb title_font=\u00bb|700|||||||\u00bb title_text_align=\u00bbleft\u00bb hover_enabled=\u00bb0&#8243; sticky_enabled=\u00bb0&#8243;][\/et_pb_post_title][\/et_pb_column][\/et_pb_row][et_pb_row _builder_version=\u00bb4.17.4&#8243; _module_preset=\u00bbdefault\u00bb][et_pb_column _builder_version=\u00bb4.17.4&#8243; _module_preset=\u00bbdefault\u00bb type=\u00bb4_4&#8243;][et_pb_text _builder_version=\u00bb4.17.4&#8243; _module_preset=\u00bbdefault\u00bb hover_enabled=\u00bb0&#8243; sticky_enabled=\u00bb0&#8243;]\n<p>Des del 6 d&#8217;agost fins al 27 hi haur\u00e0 una exposici\u00f3 de pintura als balcons. La inauguraci\u00f3 tindr\u00e0 lloc el 6 d&#8217;agost a les 20 hores a l&#8217;Ajuntament.<\/p>\n[\/et_pb_text][\/et_pb_column][\/et_pb_row][et_pb_row _builder_version=\u00bb4.17.4&#8243; _module_preset=\u00bbdefault\u00bb][et_pb_column _builder_version=\u00bb4.17.4&#8243; _module_preset=\u00bbdefault\u00bb type=\u00bb4_4&#8243;][et_pb_image src=\u00bbhttps:\/\/www.agres.es\/wp-content\/uploads\/2022\/08\/297734626_10158295099571486_7158080870328725094_n.jpg\u00bb _builder_version=\u00bb4.17.4&#8243; _module_preset=\u00bbdefault\u00bb hover_enabled=\u00bb0&#8243; sticky_enabled=\u00bb0&#8243; alt=\u00bbPalabras_pintadas\u00bb title_text=\u00bbPalabras_pintadas\u00bb][\/et_pb_image][\/et_pb_column][\/et_pb_row][\/et_pb_section]\n","protected":false},"excerpt":{"rendered":"<p>Des del 6 d&#8217;agost fins al 27 hi haur\u00e0 una exposici\u00f3 de pintura als balcons. La inauguraci\u00f3 tindr\u00e0 lloc el 6 d&#8217;agost a les 20 hores a l&#8217;Ajuntament.<\/p>\n","protected":false},"author":4,"featured_media":64329,"comment_status":"closed","ping_status":"closed","sticky":false,"template":"","format":"standard","meta":{"_et_pb_use_builder":"on","_et_pb_old_content":"","_et_gb_content_width":"","footnotes":""},"categories":[194,166,178,164,172,151,184,174,186],"tags":[],"class_list":["post-64338","post","type-post","status-publish","format-standard","has-post-thumbnail","hentry","category-cultura-es","category-destacado-es","category-fiestas-es","category-noticias-es","category-noticias-turismo","category-noticies","category-patrimonio-cultural-es","category-turismo","category-turismo-activo-es"],"yoast_head":"<!-- This site is optimized with the Yoast SEO plugin v26.9 - https:\/\/yoast.com\/product\/yoast-seo-wordpress\/ -->\n<title>PALABRAS PINTADAS - Agres<\/title>\n<meta name=\"description\" content=\"Desde el 6 de agosto hasta el 27 exposici\u00f3n de pintura a los balcones.\" \/>\n<meta name=\"robots\" content=\"index, follow, max-snippet:-1, max-image-preview:large, max-video-preview:-1\" \/>\n<link rel=\"canonical\" href=\"https:\/\/www.agres.es\/es\/palabras-pintadas\/\" \/>\n<meta property=\"og:locale\" content=\"es_ES\" \/>\n<meta property=\"og:type\" content=\"article\" \/>\n<meta property=\"og:title\" content=\"PALABRAS PINTADAS - Agres\" \/>\n<meta property=\"og:description\" content=\"Desde el 6 de agosto hasta el 27 exposici\u00f3n de pintura a los balcones.\" \/>\n<meta property=\"og:url\" content=\"https:\/\/www.agres.es\/es\/palabras-pintadas\/\" \/>\n<meta property=\"og:site_name\" content=\"Agres\" \/>\n<meta property=\"article:published_time\" content=\"2022-08-05T08:13:47+00:00\" \/>\n<meta property=\"article:modified_time\" content=\"2022-08-05T08:30:14+00:00\" \/>\n<meta name=\"author\" content=\"Yolanda Sevadilla Navarro\" \/>\n<meta name=\"twitter:card\" content=\"summary_large_image\" \/>\n<meta name=\"twitter:label1\" content=\"Escrito por\" \/>\n\t<meta name=\"twitter:data1\" content=\"Yolanda Sevadilla Navarro\" \/>\n\t<meta name=\"twitter:label2\" content=\"Tiempo de lectura\" \/>\n\t<meta name=\"twitter:data2\" content=\"1 minuto\" \/>\n<script type=\"application\/ld+json\" class=\"yoast-schema-graph\">{\"@context\":\"https:\/\/schema.org\",\"@graph\":[{\"@type\":\"Article\",\"@id\":\"https:\/\/www.agres.es\/es\/palabras-pintadas\/#article\",\"isPartOf\":{\"@id\":\"https:\/\/www.agres.es\/es\/palabras-pintadas\/\"},\"author\":{\"name\":\"Yolanda Sevadilla Navarro\",\"@id\":\"https:\/\/www.agres.es\/es\/#\/schema\/person\/59cc6514833c37c96164781ff15bb194\"},\"headline\":\"PALABRAS PINTADAS\",\"datePublished\":\"2022-08-05T08:13:47+00:00\",\"dateModified\":\"2022-08-05T08:30:14+00:00\",\"mainEntityOfPage\":{\"@id\":\"https:\/\/www.agres.es\/es\/palabras-pintadas\/\"},\"wordCount\":205,\"image\":{\"@id\":\"https:\/\/www.agres.es\/es\/palabras-pintadas\/#primaryimage\"},\"thumbnailUrl\":\"https:\/\/www.agres.es\/wp-content\/uploads\/2022\/08\/297734626_10158295099571486_7158080870328725094_n.jpg\",\"articleSection\":[\"Cultura\",\"Destacado\",\"Fiestas\",\"Noticias\",\"Noticias turismo\",\"Not\u00edcies\",\"Patrimonio cultural\",\"Turismo\",\"Turismo activo\"],\"inLanguage\":\"es\"},{\"@type\":\"WebPage\",\"@id\":\"https:\/\/www.agres.es\/es\/palabras-pintadas\/\",\"url\":\"https:\/\/www.agres.es\/es\/palabras-pintadas\/\",\"name\":\"PALABRAS PINTADAS - Agres\",\"isPartOf\":{\"@id\":\"https:\/\/www.agres.es\/es\/#website\"},\"primaryImageOfPage\":{\"@id\":\"https:\/\/www.agres.es\/es\/palabras-pintadas\/#primaryimage\"},\"image\":{\"@id\":\"https:\/\/www.agres.es\/es\/palabras-pintadas\/#primaryimage\"},\"thumbnailUrl\":\"https:\/\/www.agres.es\/wp-content\/uploads\/2022\/08\/297734626_10158295099571486_7158080870328725094_n.jpg\",\"datePublished\":\"2022-08-05T08:13:47+00:00\",\"dateModified\":\"2022-08-05T08:30:14+00:00\",\"author\":{\"@id\":\"https:\/\/www.agres.es\/es\/#\/schema\/person\/59cc6514833c37c96164781ff15bb194\"},\"description\":\"Desde el 6 de agosto hasta el 27 exposici\u00f3n de pintura a los balcones.\",\"breadcrumb\":{\"@id\":\"https:\/\/www.agres.es\/es\/palabras-pintadas\/#breadcrumb\"},\"inLanguage\":\"es\",\"potentialAction\":[{\"@type\":\"ReadAction\",\"target\":[\"https:\/\/www.agres.es\/es\/palabras-pintadas\/\"]}]},{\"@type\":\"ImageObject\",\"inLanguage\":\"es\",\"@id\":\"https:\/\/www.agres.es\/es\/palabras-pintadas\/#primaryimage\",\"url\":\"https:\/\/www.agres.es\/wp-content\/uploads\/2022\/08\/297734626_10158295099571486_7158080870328725094_n.jpg\",\"contentUrl\":\"https:\/\/www.agres.es\/wp-content\/uploads\/2022\/08\/297734626_10158295099571486_7158080870328725094_n.jpg\",\"width\":1448,\"height\":2048,\"caption\":\"Palabras_pintadas\"},{\"@type\":\"BreadcrumbList\",\"@id\":\"https:\/\/www.agres.es\/es\/palabras-pintadas\/#breadcrumb\",\"itemListElement\":[{\"@type\":\"ListItem\",\"position\":1,\"name\":\"Inicio\",\"item\":\"https:\/\/www.agres.es\/es\/\"},{\"@type\":\"ListItem\",\"position\":2,\"name\":\"PALABRAS PINTADAS\"}]},{\"@type\":\"WebSite\",\"@id\":\"https:\/\/www.agres.es\/es\/#website\",\"url\":\"https:\/\/www.agres.es\/es\/\",\"name\":\"Agres\",\"description\":\"Ayuntamiento de la Vila de Agres\",\"potentialAction\":[{\"@type\":\"SearchAction\",\"target\":{\"@type\":\"EntryPoint\",\"urlTemplate\":\"https:\/\/www.agres.es\/es\/?s={search_term_string}\"},\"query-input\":{\"@type\":\"PropertyValueSpecification\",\"valueRequired\":true,\"valueName\":\"search_term_string\"}}],\"inLanguage\":\"es\"},{\"@type\":\"Person\",\"@id\":\"https:\/\/www.agres.es\/es\/#\/schema\/person\/59cc6514833c37c96164781ff15bb194\",\"name\":\"Yolanda Sevadilla Navarro\"}]}<\/script>\n<!-- \/ Yoast SEO plugin. -->","yoast_head_json":{"title":"PALABRAS PINTADAS - Agres","description":"Desde el 6 de agosto hasta el 27 exposici\u00f3n de pintura a los balcones.","robots":{"index":"index","follow":"follow","max-snippet":"max-snippet:-1","max-image-preview":"max-image-preview:large","max-video-preview":"max-video-preview:-1"},"canonical":"https:\/\/www.agres.es\/es\/palabras-pintadas\/","og_locale":"es_ES","og_type":"article","og_title":"PALABRAS PINTADAS - Agres","og_description":"Desde el 6 de agosto hasta el 27 exposici\u00f3n de pintura a los balcones.","og_url":"https:\/\/www.agres.es\/es\/palabras-pintadas\/","og_site_name":"Agres","article_published_time":"2022-08-05T08:13:47+00:00","article_modified_time":"2022-08-05T08:30:14+00:00","author":"Yolanda Sevadilla Navarro","twitter_card":"summary_large_image","twitter_misc":{"Escrito por":"Yolanda Sevadilla Navarro","Tiempo de lectura":"1 minuto"},"schema":{"@context":"https:\/\/schema.org","@graph":[{"@type":"Article","@id":"https:\/\/www.agres.es\/es\/palabras-pintadas\/#article","isPartOf":{"@id":"https:\/\/www.agres.es\/es\/palabras-pintadas\/"},"author":{"name":"Yolanda Sevadilla Navarro","@id":"https:\/\/www.agres.es\/es\/#\/schema\/person\/59cc6514833c37c96164781ff15bb194"},"headline":"PALABRAS PINTADAS","datePublished":"2022-08-05T08:13:47+00:00","dateModified":"2022-08-05T08:30:14+00:00","mainEntityOfPage":{"@id":"https:\/\/www.agres.es\/es\/palabras-pintadas\/"},"wordCount":205,"image":{"@id":"https:\/\/www.agres.es\/es\/palabras-pintadas\/#primaryimage"},"thumbnailUrl":"https:\/\/www.agres.es\/wp-content\/uploads\/2022\/08\/297734626_10158295099571486_7158080870328725094_n.jpg","articleSection":["Cultura","Destacado","Fiestas","Noticias","Noticias turismo","Not\u00edcies","Patrimonio cultural","Turismo","Turismo activo"],"inLanguage":"es"},{"@type":"WebPage","@id":"https:\/\/www.agres.es\/es\/palabras-pintadas\/","url":"https:\/\/www.agres.es\/es\/palabras-pintadas\/","name":"PALABRAS PINTADAS - Agres","isPartOf":{"@id":"https:\/\/www.agres.es\/es\/#website"},"primaryImageOfPage":{"@id":"https:\/\/www.agres.es\/es\/palabras-pintadas\/#primaryimage"},"image":{"@id":"https:\/\/www.agres.es\/es\/palabras-pintadas\/#primaryimage"},"thumbnailUrl":"https:\/\/www.agres.es\/wp-content\/uploads\/2022\/08\/297734626_10158295099571486_7158080870328725094_n.jpg","datePublished":"2022-08-05T08:13:47+00:00","dateModified":"2022-08-05T08:30:14+00:00","author":{"@id":"https:\/\/www.agres.es\/es\/#\/schema\/person\/59cc6514833c37c96164781ff15bb194"},"description":"Desde el 6 de agosto hasta el 27 exposici\u00f3n de pintura a los balcones.","breadcrumb":{"@id":"https:\/\/www.agres.es\/es\/palabras-pintadas\/#breadcrumb"},"inLanguage":"es","potentialAction":[{"@type":"ReadAction","target":["https:\/\/www.agres.es\/es\/palabras-pintadas\/"]}]},{"@type":"ImageObject","inLanguage":"es","@id":"https:\/\/www.agres.es\/es\/palabras-pintadas\/#primaryimage","url":"https:\/\/www.agres.es\/wp-content\/uploads\/2022\/08\/297734626_10158295099571486_7158080870328725094_n.jpg","contentUrl":"https:\/\/www.agres.es\/wp-content\/uploads\/2022\/08\/297734626_10158295099571486_7158080870328725094_n.jpg","width":1448,"height":2048,"caption":"Palabras_pintadas"},{"@type":"BreadcrumbList","@id":"https:\/\/www.agres.es\/es\/palabras-pintadas\/#breadcrumb","itemListElement":[{"@type":"ListItem","position":1,"name":"Inicio","item":"https:\/\/www.agres.es\/es\/"},{"@type":"ListItem","position":2,"name":"PALABRAS PINTADAS"}]},{"@type":"WebSite","@id":"https:\/\/www.agres.es\/es\/#website","url":"https:\/\/www.agres.es\/es\/","name":"Agres","description":"Ayuntamiento de la Vila de Agres","potentialAction":[{"@type":"SearchAction","target":{"@type":"EntryPoint","urlTemplate":"https:\/\/www.agres.es\/es\/?s={search_term_string}"},"query-input":{"@type":"PropertyValueSpecification","valueRequired":true,"valueName":"search_term_string"}}],"inLanguage":"es"},{"@type":"Person","@id":"https:\/\/www.agres.es\/es\/#\/schema\/person\/59cc6514833c37c96164781ff15bb194","name":"Yolanda Sevadilla Navarro"}]}},"_links":{"self":[{"href":"https:\/\/www.agres.es\/es\/wp-json\/wp\/v2\/posts\/64338","targetHints":{"allow":["GET"]}}],"collection":[{"href":"https:\/\/www.agres.es\/es\/wp-json\/wp\/v2\/posts"}],"about":[{"href":"https:\/\/www.agres.es\/es\/wp-json\/wp\/v2\/types\/post"}],"author":[{"embeddable":true,"href":"https:\/\/www.agres.es\/es\/wp-json\/wp\/v2\/users\/4"}],"replies":[{"embeddable":true,"href":"https:\/\/www.agres.es\/es\/wp-json\/wp\/v2\/comments?post=64338"}],"version-history":[{"count":0,"href":"https:\/\/www.agres.es\/es\/wp-json\/wp\/v2\/posts\/64338\/revisions"}],"wp:featuredmedia":[{"embeddable":true,"href":"https:\/\/www.agres.es\/es\/wp-json\/wp\/v2\/media\/64329"}],"wp:attachment":[{"href":"https:\/\/www.agres.es\/es\/wp-json\/wp\/v2\/media?parent=64338"}],"wp:term":[{"taxonomy":"category","embeddable":true,"href":"https:\/\/www.agres.es\/es\/wp-json\/wp\/v2\/categories?post=64338"},{"taxonomy":"post_tag","embeddable":true,"href":"https:\/\/www.agres.es\/es\/wp-json\/wp\/v2\/tags?post=64338"}],"curies":[{"name":"wp","href":"https:\/\/api.w.org\/{rel}","templated":true}]}}