{"id":64357,"date":"2022-08-09T10:11:34","date_gmt":"2022-08-09T08:11:34","guid":{"rendered":"https:\/\/www.agres.es\/noche-deportiva\/"},"modified":"2022-08-09T10:31:06","modified_gmt":"2022-08-09T08:31:06","slug":"noche-deportiva","status":"publish","type":"post","link":"https:\/\/www.agres.es\/es\/noche-deportiva\/","title":{"rendered":"NOCHE DEPORTIVA"},"content":{"rendered":"[et_pb_section fb_built=\u00bb1&#8243; _builder_version=\u00bb4.16&#8243; global_colors_info=\u00bb{}\u00bb][et_pb_row _builder_version=\u00bb4.16&#8243; background_size=\u00bbinitial\u00bb background_position=\u00bbtop_left\u00bb background_repeat=\u00bbrepeat\u00bb global_colors_info=\u00bb{}\u00bb][et_pb_column _builder_version=\u00bb4.17.4&#8243; _module_preset=\u00bbdefault\u00bb type=\u00bb4_4&#8243;]\n[et_pb_post_title _builder_version=\u00bb4.17.4&#8243; _module_preset=\u00bbdefault\u00bb meta=\u00bboff\u00bb featured_image=\u00bboff\u00bb title_font=\u00bb|700|||||||\u00bb title_font_size=\u00bb39px\u00bb hover_enabled=\u00bb0&#8243; sticky_enabled=\u00bb0&#8243;][\/et_pb_post_title]\n[\/et_pb_column][\/et_pb_row][et_pb_row _builder_version=\u00bb4.17.4&#8243; _module_preset=\u00bbdefault\u00bb][et_pb_column _builder_version=\u00bb4.17.4&#8243; _module_preset=\u00bbdefault\u00bb type=\u00bb4_4&#8243;][et_pb_text _builder_version=\u00bb4.17.4&#8243; _module_preset=\u00bbdefault\u00bb hover_enabled=\u00bb0&#8243; sticky_enabled=\u00bb0&#8243;]\n<p>Amics organiza una noche deportiva en el polideportivo de Agres. La participaci\u00f3n est\u00e1 abierta a todos los ni\u00f1os y ni\u00f1as rellenando el formulario. Habr\u00e1 torneos de frontenis y f\u00fatbol con premios.<\/p>\n[\/et_pb_text][\/et_pb_column][\/et_pb_row][et_pb_row _builder_version=\u00bb4.17.4&#8243; _module_preset=\u00bbdefault\u00bb][et_pb_column _builder_version=\u00bb4.17.4&#8243; _module_preset=\u00bbdefault\u00bb type=\u00bb4_4&#8243;][et_pb_button button_text=\u00bbRellena el form\u00bb _builder_version=\u00bb4.17.4&#8243; _module_preset=\u00bbdefault\u00bb button_url=\u00bbhttps:\/\/forms.gle\/vZHij2ohZWLXWayo8&#8243; hover_enabled=\u00bb0&#8243; sticky_enabled=\u00bb0&#8243;][\/et_pb_button][\/et_pb_column][\/et_pb_row][et_pb_row _builder_version=\u00bb4.17.4&#8243; _module_preset=\u00bbdefault\u00bb][et_pb_column _builder_version=\u00bb4.17.4&#8243; _module_preset=\u00bbdefault\u00bb type=\u00bb4_4&#8243;][et_pb_image src=\u00bbhttps:\/\/www.agres.es\/wp-content\/uploads\/2022\/08\/WhatsApp-Image-2022-08-09-at-10.01.27-1.jpeg\u00bb _builder_version=\u00bb4.17.4&#8243; _module_preset=\u00bbdefault\u00bb alt=\u00bbNoche_deportiva\u00bb title_text=\u00bbNoche_deportiva\u00bb hover_enabled=\u00bb0&#8243; sticky_enabled=\u00bb0&#8243;][\/et_pb_image][\/et_pb_column][\/et_pb_row][\/et_pb_section][et_pb_section fb_built=\u00bb1&#8243; theme_builder_area=\u00bbpost_content\u00bb _builder_version=\u00bb4.17.4&#8243; _module_preset=\u00bbdefault\u00bb][\/et_pb_section]\n","protected":false},"excerpt":{"rendered":"<p>Amics organiza una noche deportiva en el polideportivo de Agres. La participaci\u00f3n est\u00e1 abierta a todos los ni\u00f1os y ni\u00f1as rellenando el formulario. Habr\u00e1 torneos de frontenis y f\u00fatbol con [&hellip;]<\/p>\n","protected":false},"author":4,"featured_media":64354,"comment_status":"closed","ping_status":"closed","sticky":false,"template":"","format":"standard","meta":{"_et_pb_use_builder":"on","_et_pb_old_content":"","_et_gb_content_width":"","footnotes":""},"categories":[190,194,152,153,151,155,161,184,156,160,174,186],"tags":[],"class_list":["post-64357","post","type-post","status-publish","format-standard","has-post-thumbnail","hentry","category-cultura","category-cultura-es","category-destacat","category-esports","category-noticies","category-noticies-turisme","category-patrimoni-cultural","category-patrimonio-cultural-es","category-turisme","category-turisme-actiu","category-turismo","category-turismo-activo-es"],"yoast_head":"<!-- This site is optimized with the Yoast SEO plugin v26.9 - https:\/\/yoast.com\/product\/yoast-seo-wordpress\/ -->\n<title>NOCHE DEPORTIVA - Agres<\/title>\n<meta name=\"description\" content=\"Noche deportiva en el polideportivo.\" \/>\n<meta name=\"robots\" content=\"index, follow, max-snippet:-1, max-image-preview:large, max-video-preview:-1\" \/>\n<link rel=\"canonical\" href=\"https:\/\/www.agres.es\/es\/noche-deportiva\/\" \/>\n<meta property=\"og:locale\" content=\"es_ES\" \/>\n<meta property=\"og:type\" content=\"article\" \/>\n<meta property=\"og:title\" content=\"NOCHE DEPORTIVA - Agres\" \/>\n<meta property=\"og:description\" content=\"Noche deportiva en el polideportivo.\" \/>\n<meta property=\"og:url\" content=\"https:\/\/www.agres.es\/es\/noche-deportiva\/\" \/>\n<meta property=\"og:site_name\" content=\"Agres\" \/>\n<meta property=\"article:published_time\" content=\"2022-08-09T08:11:34+00:00\" \/>\n<meta property=\"article:modified_time\" content=\"2022-08-09T08:31:06+00:00\" \/>\n<meta property=\"og:image\" content=\"https:\/\/www.agres.es\/wp-content\/uploads\/2022\/08\/WhatsApp-Image-2022-08-09-at-10.01.27-1.jpeg\" \/>\n\t<meta property=\"og:image:width\" content=\"1131\" \/>\n\t<meta property=\"og:image:height\" content=\"1600\" \/>\n\t<meta property=\"og:image:type\" content=\"image\/jpeg\" \/>\n<meta name=\"author\" content=\"Yolanda Sevadilla Navarro\" \/>\n<meta name=\"twitter:card\" content=\"summary_large_image\" \/>\n<meta name=\"twitter:label1\" content=\"Escrito por\" \/>\n\t<meta name=\"twitter:data1\" content=\"Yolanda Sevadilla Navarro\" \/>\n\t<meta name=\"twitter:label2\" content=\"Tiempo de lectura\" \/>\n\t<meta name=\"twitter:data2\" content=\"1 minuto\" \/>\n<script type=\"application\/ld+json\" class=\"yoast-schema-graph\">{\"@context\":\"https:\/\/schema.org\",\"@graph\":[{\"@type\":\"Article\",\"@id\":\"https:\/\/www.agres.es\/es\/noche-deportiva\/#article\",\"isPartOf\":{\"@id\":\"https:\/\/www.agres.es\/es\/noche-deportiva\/\"},\"author\":{\"name\":\"Yolanda Sevadilla Navarro\",\"@id\":\"https:\/\/www.agres.es\/es\/#\/schema\/person\/59cc6514833c37c96164781ff15bb194\"},\"headline\":\"NOCHE DEPORTIVA\",\"datePublished\":\"2022-08-09T08:11:34+00:00\",\"dateModified\":\"2022-08-09T08:31:06+00:00\",\"mainEntityOfPage\":{\"@id\":\"https:\/\/www.agres.es\/es\/noche-deportiva\/\"},\"wordCount\":275,\"image\":{\"@id\":\"https:\/\/www.agres.es\/es\/noche-deportiva\/#primaryimage\"},\"thumbnailUrl\":\"https:\/\/www.agres.es\/wp-content\/uploads\/2022\/08\/WhatsApp-Image-2022-08-09-at-10.01.27-1.jpeg\",\"articleSection\":[\"Cultura\",\"Cultura\",\"Destacat\",\"Esports\",\"Not\u00edcies\",\"Not\u00edcies turisme\",\"Patrimoni cultural\",\"Patrimonio cultural\",\"Turisme\",\"Turisme actiu\",\"Turismo\",\"Turismo activo\"],\"inLanguage\":\"es\"},{\"@type\":\"WebPage\",\"@id\":\"https:\/\/www.agres.es\/es\/noche-deportiva\/\",\"url\":\"https:\/\/www.agres.es\/es\/noche-deportiva\/\",\"name\":\"NOCHE DEPORTIVA - Agres\",\"isPartOf\":{\"@id\":\"https:\/\/www.agres.es\/es\/#website\"},\"primaryImageOfPage\":{\"@id\":\"https:\/\/www.agres.es\/es\/noche-deportiva\/#primaryimage\"},\"image\":{\"@id\":\"https:\/\/www.agres.es\/es\/noche-deportiva\/#primaryimage\"},\"thumbnailUrl\":\"https:\/\/www.agres.es\/wp-content\/uploads\/2022\/08\/WhatsApp-Image-2022-08-09-at-10.01.27-1.jpeg\",\"datePublished\":\"2022-08-09T08:11:34+00:00\",\"dateModified\":\"2022-08-09T08:31:06+00:00\",\"author\":{\"@id\":\"https:\/\/www.agres.es\/es\/#\/schema\/person\/59cc6514833c37c96164781ff15bb194\"},\"description\":\"Noche deportiva en el polideportivo.\",\"breadcrumb\":{\"@id\":\"https:\/\/www.agres.es\/es\/noche-deportiva\/#breadcrumb\"},\"inLanguage\":\"es\",\"potentialAction\":[{\"@type\":\"ReadAction\",\"target\":[\"https:\/\/www.agres.es\/es\/noche-deportiva\/\"]}]},{\"@type\":\"ImageObject\",\"inLanguage\":\"es\",\"@id\":\"https:\/\/www.agres.es\/es\/noche-deportiva\/#primaryimage\",\"url\":\"https:\/\/www.agres.es\/wp-content\/uploads\/2022\/08\/WhatsApp-Image-2022-08-09-at-10.01.27-1.jpeg\",\"contentUrl\":\"https:\/\/www.agres.es\/wp-content\/uploads\/2022\/08\/WhatsApp-Image-2022-08-09-at-10.01.27-1.jpeg\",\"width\":1131,\"height\":1600,\"caption\":\"Fallas_Valencia\"},{\"@type\":\"BreadcrumbList\",\"@id\":\"https:\/\/www.agres.es\/es\/noche-deportiva\/#breadcrumb\",\"itemListElement\":[{\"@type\":\"ListItem\",\"position\":1,\"name\":\"Inicio\",\"item\":\"https:\/\/www.agres.es\/es\/\"},{\"@type\":\"ListItem\",\"position\":2,\"name\":\"NOCHE DEPORTIVA\"}]},{\"@type\":\"WebSite\",\"@id\":\"https:\/\/www.agres.es\/es\/#website\",\"url\":\"https:\/\/www.agres.es\/es\/\",\"name\":\"Agres\",\"description\":\"Ayuntamiento de la Vila de Agres\",\"potentialAction\":[{\"@type\":\"SearchAction\",\"target\":{\"@type\":\"EntryPoint\",\"urlTemplate\":\"https:\/\/www.agres.es\/es\/?s={search_term_string}\"},\"query-input\":{\"@type\":\"PropertyValueSpecification\",\"valueRequired\":true,\"valueName\":\"search_term_string\"}}],\"inLanguage\":\"es\"},{\"@type\":\"Person\",\"@id\":\"https:\/\/www.agres.es\/es\/#\/schema\/person\/59cc6514833c37c96164781ff15bb194\",\"name\":\"Yolanda Sevadilla Navarro\"}]}<\/script>\n<!-- \/ Yoast SEO plugin. -->","yoast_head_json":{"title":"NOCHE DEPORTIVA - Agres","description":"Noche deportiva en el polideportivo.","robots":{"index":"index","follow":"follow","max-snippet":"max-snippet:-1","max-image-preview":"max-image-preview:large","max-video-preview":"max-video-preview:-1"},"canonical":"https:\/\/www.agres.es\/es\/noche-deportiva\/","og_locale":"es_ES","og_type":"article","og_title":"NOCHE DEPORTIVA - Agres","og_description":"Noche deportiva en el polideportivo.","og_url":"https:\/\/www.agres.es\/es\/noche-deportiva\/","og_site_name":"Agres","article_published_time":"2022-08-09T08:11:34+00:00","article_modified_time":"2022-08-09T08:31:06+00:00","og_image":[{"width":1131,"height":1600,"url":"https:\/\/www.agres.es\/wp-content\/uploads\/2022\/08\/WhatsApp-Image-2022-08-09-at-10.01.27-1.jpeg","type":"image\/jpeg"}],"author":"Yolanda Sevadilla Navarro","twitter_card":"summary_large_image","twitter_misc":{"Escrito por":"Yolanda Sevadilla Navarro","Tiempo de lectura":"1 minuto"},"schema":{"@context":"https:\/\/schema.org","@graph":[{"@type":"Article","@id":"https:\/\/www.agres.es\/es\/noche-deportiva\/#article","isPartOf":{"@id":"https:\/\/www.agres.es\/es\/noche-deportiva\/"},"author":{"name":"Yolanda Sevadilla Navarro","@id":"https:\/\/www.agres.es\/es\/#\/schema\/person\/59cc6514833c37c96164781ff15bb194"},"headline":"NOCHE DEPORTIVA","datePublished":"2022-08-09T08:11:34+00:00","dateModified":"2022-08-09T08:31:06+00:00","mainEntityOfPage":{"@id":"https:\/\/www.agres.es\/es\/noche-deportiva\/"},"wordCount":275,"image":{"@id":"https:\/\/www.agres.es\/es\/noche-deportiva\/#primaryimage"},"thumbnailUrl":"https:\/\/www.agres.es\/wp-content\/uploads\/2022\/08\/WhatsApp-Image-2022-08-09-at-10.01.27-1.jpeg","articleSection":["Cultura","Cultura","Destacat","Esports","Not\u00edcies","Not\u00edcies turisme","Patrimoni cultural","Patrimonio cultural","Turisme","Turisme actiu","Turismo","Turismo activo"],"inLanguage":"es"},{"@type":"WebPage","@id":"https:\/\/www.agres.es\/es\/noche-deportiva\/","url":"https:\/\/www.agres.es\/es\/noche-deportiva\/","name":"NOCHE DEPORTIVA - Agres","isPartOf":{"@id":"https:\/\/www.agres.es\/es\/#website"},"primaryImageOfPage":{"@id":"https:\/\/www.agres.es\/es\/noche-deportiva\/#primaryimage"},"image":{"@id":"https:\/\/www.agres.es\/es\/noche-deportiva\/#primaryimage"},"thumbnailUrl":"https:\/\/www.agres.es\/wp-content\/uploads\/2022\/08\/WhatsApp-Image-2022-08-09-at-10.01.27-1.jpeg","datePublished":"2022-08-09T08:11:34+00:00","dateModified":"2022-08-09T08:31:06+00:00","author":{"@id":"https:\/\/www.agres.es\/es\/#\/schema\/person\/59cc6514833c37c96164781ff15bb194"},"description":"Noche deportiva en el polideportivo.","breadcrumb":{"@id":"https:\/\/www.agres.es\/es\/noche-deportiva\/#breadcrumb"},"inLanguage":"es","potentialAction":[{"@type":"ReadAction","target":["https:\/\/www.agres.es\/es\/noche-deportiva\/"]}]},{"@type":"ImageObject","inLanguage":"es","@id":"https:\/\/www.agres.es\/es\/noche-deportiva\/#primaryimage","url":"https:\/\/www.agres.es\/wp-content\/uploads\/2022\/08\/WhatsApp-Image-2022-08-09-at-10.01.27-1.jpeg","contentUrl":"https:\/\/www.agres.es\/wp-content\/uploads\/2022\/08\/WhatsApp-Image-2022-08-09-at-10.01.27-1.jpeg","width":1131,"height":1600,"caption":"Fallas_Valencia"},{"@type":"BreadcrumbList","@id":"https:\/\/www.agres.es\/es\/noche-deportiva\/#breadcrumb","itemListElement":[{"@type":"ListItem","position":1,"name":"Inicio","item":"https:\/\/www.agres.es\/es\/"},{"@type":"ListItem","position":2,"name":"NOCHE DEPORTIVA"}]},{"@type":"WebSite","@id":"https:\/\/www.agres.es\/es\/#website","url":"https:\/\/www.agres.es\/es\/","name":"Agres","description":"Ayuntamiento de la Vila de Agres","potentialAction":[{"@type":"SearchAction","target":{"@type":"EntryPoint","urlTemplate":"https:\/\/www.agres.es\/es\/?s={search_term_string}"},"query-input":{"@type":"PropertyValueSpecification","valueRequired":true,"valueName":"search_term_string"}}],"inLanguage":"es"},{"@type":"Person","@id":"https:\/\/www.agres.es\/es\/#\/schema\/person\/59cc6514833c37c96164781ff15bb194","name":"Yolanda Sevadilla Navarro"}]}},"_links":{"self":[{"href":"https:\/\/www.agres.es\/es\/wp-json\/wp\/v2\/posts\/64357","targetHints":{"allow":["GET"]}}],"collection":[{"href":"https:\/\/www.agres.es\/es\/wp-json\/wp\/v2\/posts"}],"about":[{"href":"https:\/\/www.agres.es\/es\/wp-json\/wp\/v2\/types\/post"}],"author":[{"embeddable":true,"href":"https:\/\/www.agres.es\/es\/wp-json\/wp\/v2\/users\/4"}],"replies":[{"embeddable":true,"href":"https:\/\/www.agres.es\/es\/wp-json\/wp\/v2\/comments?post=64357"}],"version-history":[{"count":0,"href":"https:\/\/www.agres.es\/es\/wp-json\/wp\/v2\/posts\/64357\/revisions"}],"wp:featuredmedia":[{"embeddable":true,"href":"https:\/\/www.agres.es\/es\/wp-json\/wp\/v2\/media\/64354"}],"wp:attachment":[{"href":"https:\/\/www.agres.es\/es\/wp-json\/wp\/v2\/media?parent=64357"}],"wp:term":[{"taxonomy":"category","embeddable":true,"href":"https:\/\/www.agres.es\/es\/wp-json\/wp\/v2\/categories?post=64357"},{"taxonomy":"post_tag","embeddable":true,"href":"https:\/\/www.agres.es\/es\/wp-json\/wp\/v2\/tags?post=64357"}],"curies":[{"name":"wp","href":"https:\/\/api.w.org\/{rel}","templated":true}]}}