{"id":64395,"date":"2022-08-14T11:15:55","date_gmt":"2022-08-14T09:15:55","guid":{"rendered":"https:\/\/www.agres.es\/poma-rock-2022\/"},"modified":"2022-08-14T11:15:55","modified_gmt":"2022-08-14T09:15:55","slug":"poma-rock-2022","status":"publish","type":"post","link":"https:\/\/www.agres.es\/es\/poma-rock-2022\/","title":{"rendered":"Poma Rock 2022"},"content":{"rendered":"<h1><span style=\"font-size: 18pt;\"><strong>Poma Rock 2022<\/strong><\/span><\/h1>\n<p>&nbsp;<\/p>\n<h2 style=\"text-align: left;\">El domingo 14 de agosto tendr\u00e0 lugar la VIII edici\u00f3n del festival Poma Rock. Esta tendr\u00e0 lugar en la plaza del Assut y contar\u00e0 con la presencia de los siguientes grupos: (<strong>Funkiwis, The Danse Crashers, Bacora, The Masiados i Nonai Sound<\/strong>).<\/h2>\n<p>&nbsp;<\/p>\n<h2 style=\"text-align: left;\">Adem\u00e1s de las actuaciones, tambi\u00e9n se llevar\u00e1n a cabo diferentes actividades en las que tambi\u00e9n podr\u00e1n participar los m\u00e1s peque\u00f1os.<\/h2>\n<p>&nbsp;<\/p>\n<p>&nbsp;<\/p>\n<p><a href=\"https:\/\/www.agres.es\/wp-content\/uploads\/2022\/08\/poma-1.webp\"><img decoding=\"async\" class=\"aligncenter wp-image-64386\" src=\"https:\/\/www.agres.es\/wp-content\/uploads\/2022\/08\/poma-1-213x300.webp\" alt=\"\" width=\"600\" height=\"847\" srcset=\"https:\/\/www.agres.es\/wp-content\/uploads\/2022\/08\/poma-1-213x300.webp 600w, https:\/\/www.agres.es\/wp-content\/uploads\/2022\/08\/poma-1-480x678.webp 480w\" sizes=\"(min-width: 0px) and (max-width: 480px) 480px, (min-width: 481px) 600px, 100vw\" \/><\/a><\/p>\n","protected":false},"excerpt":{"rendered":"<p>Poma Rock 2022 &nbsp; El domingo 14 de agosto tendr\u00e0 lugar la VIII edici\u00f3n del festival Poma Rock. Esta tendr\u00e0 lugar en la plaza del Assut y contar\u00e0 con la [&hellip;]<\/p>\n","protected":false},"author":4,"featured_media":64383,"comment_status":"closed","ping_status":"closed","sticky":false,"template":"","format":"standard","meta":{"_et_pb_use_builder":"off","_et_pb_old_content":"","_et_gb_content_width":"","footnotes":""},"categories":[194,166,164,172,174],"tags":[],"class_list":["post-64395","post","type-post","status-publish","format-standard","has-post-thumbnail","hentry","category-cultura-es","category-destacado-es","category-noticias-es","category-noticias-turismo","category-turismo"],"yoast_head":"<!-- This site is optimized with the Yoast SEO plugin v26.9 - https:\/\/yoast.com\/product\/yoast-seo-wordpress\/ -->\n<title>Poma Rock 2022 - Agres<\/title>\n<meta name=\"description\" content=\"VIII Edici\u00f3n del Poma Rock el 14 d&#039;Agost en la plaza del Assut &quot;Agres&quot;.\" \/>\n<meta name=\"robots\" content=\"index, follow, max-snippet:-1, max-image-preview:large, max-video-preview:-1\" \/>\n<link rel=\"canonical\" href=\"https:\/\/www.agres.es\/es\/poma-rock-2022\/\" \/>\n<meta property=\"og:locale\" content=\"es_ES\" \/>\n<meta property=\"og:type\" content=\"article\" \/>\n<meta property=\"og:title\" content=\"Poma Rock 2022 - Agres\" \/>\n<meta property=\"og:description\" content=\"VIII Edici\u00f3n del Poma Rock el 14 d&#039;Agost en la plaza del Assut &quot;Agres&quot;.\" \/>\n<meta property=\"og:url\" content=\"https:\/\/www.agres.es\/es\/poma-rock-2022\/\" \/>\n<meta property=\"og:site_name\" content=\"Agres\" \/>\n<meta property=\"article:published_time\" content=\"2022-08-14T09:15:55+00:00\" \/>\n<meta property=\"og:image\" content=\"https:\/\/www.agres.es\/wp-content\/uploads\/2022\/08\/poma.webp\" \/>\n\t<meta property=\"og:image:width\" content=\"680\" \/>\n\t<meta property=\"og:image:height\" content=\"960\" \/>\n\t<meta property=\"og:image:type\" content=\"image\/webp\" \/>\n<meta name=\"author\" content=\"Yolanda Sevadilla Navarro\" \/>\n<meta name=\"twitter:card\" content=\"summary_large_image\" \/>\n<meta name=\"twitter:label1\" content=\"Escrito por\" \/>\n\t<meta name=\"twitter:data1\" content=\"Yolanda Sevadilla Navarro\" \/>\n<script type=\"application\/ld+json\" class=\"yoast-schema-graph\">{\"@context\":\"https:\/\/schema.org\",\"@graph\":[{\"@type\":\"Article\",\"@id\":\"https:\/\/www.agres.es\/es\/poma-rock-2022\/#article\",\"isPartOf\":{\"@id\":\"https:\/\/www.agres.es\/es\/poma-rock-2022\/\"},\"author\":{\"name\":\"Yolanda Sevadilla Navarro\",\"@id\":\"https:\/\/www.agres.es\/es\/#\/schema\/person\/59cc6514833c37c96164781ff15bb194\"},\"headline\":\"Poma Rock 2022\",\"datePublished\":\"2022-08-14T09:15:55+00:00\",\"mainEntityOfPage\":{\"@id\":\"https:\/\/www.agres.es\/es\/poma-rock-2022\/\"},\"wordCount\":76,\"image\":{\"@id\":\"https:\/\/www.agres.es\/es\/poma-rock-2022\/#primaryimage\"},\"thumbnailUrl\":\"https:\/\/www.agres.es\/wp-content\/uploads\/2022\/08\/poma.webp\",\"articleSection\":[\"Cultura\",\"Destacado\",\"Noticias\",\"Noticias turismo\",\"Turismo\"],\"inLanguage\":\"es\"},{\"@type\":\"WebPage\",\"@id\":\"https:\/\/www.agres.es\/es\/poma-rock-2022\/\",\"url\":\"https:\/\/www.agres.es\/es\/poma-rock-2022\/\",\"name\":\"Poma Rock 2022 - Agres\",\"isPartOf\":{\"@id\":\"https:\/\/www.agres.es\/es\/#website\"},\"primaryImageOfPage\":{\"@id\":\"https:\/\/www.agres.es\/es\/poma-rock-2022\/#primaryimage\"},\"image\":{\"@id\":\"https:\/\/www.agres.es\/es\/poma-rock-2022\/#primaryimage\"},\"thumbnailUrl\":\"https:\/\/www.agres.es\/wp-content\/uploads\/2022\/08\/poma.webp\",\"datePublished\":\"2022-08-14T09:15:55+00:00\",\"author\":{\"@id\":\"https:\/\/www.agres.es\/es\/#\/schema\/person\/59cc6514833c37c96164781ff15bb194\"},\"description\":\"VIII Edici\u00f3n del Poma Rock el 14 d'Agost en la plaza del Assut \\\"Agres\\\".\",\"breadcrumb\":{\"@id\":\"https:\/\/www.agres.es\/es\/poma-rock-2022\/#breadcrumb\"},\"inLanguage\":\"es\",\"potentialAction\":[{\"@type\":\"ReadAction\",\"target\":[\"https:\/\/www.agres.es\/es\/poma-rock-2022\/\"]}]},{\"@type\":\"ImageObject\",\"inLanguage\":\"es\",\"@id\":\"https:\/\/www.agres.es\/es\/poma-rock-2022\/#primaryimage\",\"url\":\"https:\/\/www.agres.es\/wp-content\/uploads\/2022\/08\/poma.webp\",\"contentUrl\":\"https:\/\/www.agres.es\/wp-content\/uploads\/2022\/08\/poma.webp\",\"width\":680,\"height\":960},{\"@type\":\"BreadcrumbList\",\"@id\":\"https:\/\/www.agres.es\/es\/poma-rock-2022\/#breadcrumb\",\"itemListElement\":[{\"@type\":\"ListItem\",\"position\":1,\"name\":\"Inicio\",\"item\":\"https:\/\/www.agres.es\/es\/\"},{\"@type\":\"ListItem\",\"position\":2,\"name\":\"Poma Rock 2022\"}]},{\"@type\":\"WebSite\",\"@id\":\"https:\/\/www.agres.es\/es\/#website\",\"url\":\"https:\/\/www.agres.es\/es\/\",\"name\":\"Agres\",\"description\":\"Ayuntamiento de la Vila de Agres\",\"potentialAction\":[{\"@type\":\"SearchAction\",\"target\":{\"@type\":\"EntryPoint\",\"urlTemplate\":\"https:\/\/www.agres.es\/es\/?s={search_term_string}\"},\"query-input\":{\"@type\":\"PropertyValueSpecification\",\"valueRequired\":true,\"valueName\":\"search_term_string\"}}],\"inLanguage\":\"es\"},{\"@type\":\"Person\",\"@id\":\"https:\/\/www.agres.es\/es\/#\/schema\/person\/59cc6514833c37c96164781ff15bb194\",\"name\":\"Yolanda Sevadilla Navarro\"}]}<\/script>\n<!-- \/ Yoast SEO plugin. -->","yoast_head_json":{"title":"Poma Rock 2022 - Agres","description":"VIII Edici\u00f3n del Poma Rock el 14 d'Agost en la plaza del Assut \"Agres\".","robots":{"index":"index","follow":"follow","max-snippet":"max-snippet:-1","max-image-preview":"max-image-preview:large","max-video-preview":"max-video-preview:-1"},"canonical":"https:\/\/www.agres.es\/es\/poma-rock-2022\/","og_locale":"es_ES","og_type":"article","og_title":"Poma Rock 2022 - Agres","og_description":"VIII Edici\u00f3n del Poma Rock el 14 d'Agost en la plaza del Assut \"Agres\".","og_url":"https:\/\/www.agres.es\/es\/poma-rock-2022\/","og_site_name":"Agres","article_published_time":"2022-08-14T09:15:55+00:00","og_image":[{"width":680,"height":960,"url":"https:\/\/www.agres.es\/wp-content\/uploads\/2022\/08\/poma.webp","type":"image\/webp"}],"author":"Yolanda Sevadilla Navarro","twitter_card":"summary_large_image","twitter_misc":{"Escrito por":"Yolanda Sevadilla Navarro"},"schema":{"@context":"https:\/\/schema.org","@graph":[{"@type":"Article","@id":"https:\/\/www.agres.es\/es\/poma-rock-2022\/#article","isPartOf":{"@id":"https:\/\/www.agres.es\/es\/poma-rock-2022\/"},"author":{"name":"Yolanda Sevadilla Navarro","@id":"https:\/\/www.agres.es\/es\/#\/schema\/person\/59cc6514833c37c96164781ff15bb194"},"headline":"Poma Rock 2022","datePublished":"2022-08-14T09:15:55+00:00","mainEntityOfPage":{"@id":"https:\/\/www.agres.es\/es\/poma-rock-2022\/"},"wordCount":76,"image":{"@id":"https:\/\/www.agres.es\/es\/poma-rock-2022\/#primaryimage"},"thumbnailUrl":"https:\/\/www.agres.es\/wp-content\/uploads\/2022\/08\/poma.webp","articleSection":["Cultura","Destacado","Noticias","Noticias turismo","Turismo"],"inLanguage":"es"},{"@type":"WebPage","@id":"https:\/\/www.agres.es\/es\/poma-rock-2022\/","url":"https:\/\/www.agres.es\/es\/poma-rock-2022\/","name":"Poma Rock 2022 - Agres","isPartOf":{"@id":"https:\/\/www.agres.es\/es\/#website"},"primaryImageOfPage":{"@id":"https:\/\/www.agres.es\/es\/poma-rock-2022\/#primaryimage"},"image":{"@id":"https:\/\/www.agres.es\/es\/poma-rock-2022\/#primaryimage"},"thumbnailUrl":"https:\/\/www.agres.es\/wp-content\/uploads\/2022\/08\/poma.webp","datePublished":"2022-08-14T09:15:55+00:00","author":{"@id":"https:\/\/www.agres.es\/es\/#\/schema\/person\/59cc6514833c37c96164781ff15bb194"},"description":"VIII Edici\u00f3n del Poma Rock el 14 d'Agost en la plaza del Assut \"Agres\".","breadcrumb":{"@id":"https:\/\/www.agres.es\/es\/poma-rock-2022\/#breadcrumb"},"inLanguage":"es","potentialAction":[{"@type":"ReadAction","target":["https:\/\/www.agres.es\/es\/poma-rock-2022\/"]}]},{"@type":"ImageObject","inLanguage":"es","@id":"https:\/\/www.agres.es\/es\/poma-rock-2022\/#primaryimage","url":"https:\/\/www.agres.es\/wp-content\/uploads\/2022\/08\/poma.webp","contentUrl":"https:\/\/www.agres.es\/wp-content\/uploads\/2022\/08\/poma.webp","width":680,"height":960},{"@type":"BreadcrumbList","@id":"https:\/\/www.agres.es\/es\/poma-rock-2022\/#breadcrumb","itemListElement":[{"@type":"ListItem","position":1,"name":"Inicio","item":"https:\/\/www.agres.es\/es\/"},{"@type":"ListItem","position":2,"name":"Poma Rock 2022"}]},{"@type":"WebSite","@id":"https:\/\/www.agres.es\/es\/#website","url":"https:\/\/www.agres.es\/es\/","name":"Agres","description":"Ayuntamiento de la Vila de Agres","potentialAction":[{"@type":"SearchAction","target":{"@type":"EntryPoint","urlTemplate":"https:\/\/www.agres.es\/es\/?s={search_term_string}"},"query-input":{"@type":"PropertyValueSpecification","valueRequired":true,"valueName":"search_term_string"}}],"inLanguage":"es"},{"@type":"Person","@id":"https:\/\/www.agres.es\/es\/#\/schema\/person\/59cc6514833c37c96164781ff15bb194","name":"Yolanda Sevadilla Navarro"}]}},"_links":{"self":[{"href":"https:\/\/www.agres.es\/es\/wp-json\/wp\/v2\/posts\/64395","targetHints":{"allow":["GET"]}}],"collection":[{"href":"https:\/\/www.agres.es\/es\/wp-json\/wp\/v2\/posts"}],"about":[{"href":"https:\/\/www.agres.es\/es\/wp-json\/wp\/v2\/types\/post"}],"author":[{"embeddable":true,"href":"https:\/\/www.agres.es\/es\/wp-json\/wp\/v2\/users\/4"}],"replies":[{"embeddable":true,"href":"https:\/\/www.agres.es\/es\/wp-json\/wp\/v2\/comments?post=64395"}],"version-history":[{"count":0,"href":"https:\/\/www.agres.es\/es\/wp-json\/wp\/v2\/posts\/64395\/revisions"}],"wp:featuredmedia":[{"embeddable":true,"href":"https:\/\/www.agres.es\/es\/wp-json\/wp\/v2\/media\/64383"}],"wp:attachment":[{"href":"https:\/\/www.agres.es\/es\/wp-json\/wp\/v2\/media?parent=64395"}],"wp:term":[{"taxonomy":"category","embeddable":true,"href":"https:\/\/www.agres.es\/es\/wp-json\/wp\/v2\/categories?post=64395"},{"taxonomy":"post_tag","embeddable":true,"href":"https:\/\/www.agres.es\/es\/wp-json\/wp\/v2\/tags?post=64395"}],"curies":[{"name":"wp","href":"https:\/\/api.w.org\/{rel}","templated":true}]}}