{"id":64408,"date":"2022-08-27T13:42:38","date_gmt":"2022-08-27T11:42:38","guid":{"rendered":"https:\/\/www.agres.es\/fiestas-patronales-2022\/"},"modified":"2022-11-16T11:45:47","modified_gmt":"2022-11-16T10:45:47","slug":"fiestas-patronales-2022","status":"publish","type":"post","link":"https:\/\/www.agres.es\/es\/fiestas-patronales-2022\/","title":{"rendered":"FIESTAS PATRONALES 2022"},"content":{"rendered":"<h1><\/h1>\n<p>&nbsp;<\/p>\n<h1 style=\"text-align: center;\"><span style=\"font-size: 18pt;\"><b style=\"font-size: 18pt;\">Este a\u00f1o las fiestas de la Mare de Deu de Agres se celebrar\u00e1n del <\/b><span style=\"font-size: 24px;\"><b>d\u00eda<\/b><\/span><b style=\"font-size: 18pt;\"> 2 al 5 de Septiembre.<\/b><\/span><\/h1>\n<p>&nbsp;<\/p>\n<p><a href=\"https:\/\/www.agres.es\/wp-content\/uploads\/2022\/08\/6fbc5d52-07ac-4bd6-8637-55facd09b7eb.jpg\"><img decoding=\"async\" class=\"aligncenter wp-image-64401 size-full\" src=\"https:\/\/www.agres.es\/wp-content\/uploads\/2022\/08\/6fbc5d52-07ac-4bd6-8637-55facd09b7eb.jpg\" alt=\"\" width=\"727\" height=\"1024\" srcset=\"https:\/\/www.agres.es\/wp-content\/uploads\/2022\/08\/6fbc5d52-07ac-4bd6-8637-55facd09b7eb.jpg 727w, https:\/\/www.agres.es\/wp-content\/uploads\/2022\/08\/6fbc5d52-07ac-4bd6-8637-55facd09b7eb-480x676.jpg 480w\" sizes=\"(min-width: 0px) and (max-width: 480px) 480px, (min-width: 481px) 727px, 100vw\" \/><\/a><\/p>\n","protected":false},"excerpt":{"rendered":"<p>&nbsp; Este a\u00f1o las fiestas de la Mare de Deu de Agres se celebrar\u00e1n del d\u00eda 2 al 5 de Septiembre. &nbsp;<\/p>\n","protected":false},"author":4,"featured_media":64401,"comment_status":"closed","ping_status":"closed","sticky":false,"template":"","format":"standard","meta":{"_et_pb_use_builder":"","_et_pb_old_content":"","_et_gb_content_width":"","footnotes":""},"categories":[194,164,170,172,174],"tags":[],"class_list":["post-64408","post","type-post","status-publish","format-standard","has-post-thumbnail","hentry","category-cultura-es","category-noticias-es","category-noticias-fiestas","category-noticias-turismo","category-turismo"],"yoast_head":"<!-- This site is optimized with the Yoast SEO plugin v26.9 - https:\/\/yoast.com\/product\/yoast-seo-wordpress\/ -->\n<title>FIESTAS PATRONALES 2022 - Agres<\/title>\n<meta name=\"description\" content=\"Dias durante los cuales se celebrar\u00e1n las fiestass de la Mare de Deu de Agres.\" \/>\n<meta name=\"robots\" content=\"index, follow, max-snippet:-1, max-image-preview:large, max-video-preview:-1\" \/>\n<link rel=\"canonical\" href=\"https:\/\/www.agres.es\/es\/fiestas-patronales-2022\/\" \/>\n<meta property=\"og:locale\" content=\"es_ES\" \/>\n<meta property=\"og:type\" content=\"article\" \/>\n<meta property=\"og:title\" content=\"FIESTAS PATRONALES 2022 - Agres\" \/>\n<meta property=\"og:description\" content=\"Dias durante los cuales se celebrar\u00e1n las fiestass de la Mare de Deu de Agres.\" \/>\n<meta property=\"og:url\" content=\"https:\/\/www.agres.es\/es\/fiestas-patronales-2022\/\" \/>\n<meta property=\"og:site_name\" content=\"Agres\" \/>\n<meta property=\"article:published_time\" content=\"2022-08-27T11:42:38+00:00\" \/>\n<meta property=\"article:modified_time\" content=\"2022-11-16T10:45:47+00:00\" \/>\n<meta property=\"og:image\" content=\"https:\/\/www.agres.es\/wp-content\/uploads\/2022\/08\/6fbc5d52-07ac-4bd6-8637-55facd09b7eb.jpg\" \/>\n\t<meta property=\"og:image:width\" content=\"727\" \/>\n\t<meta property=\"og:image:height\" content=\"1024\" \/>\n\t<meta property=\"og:image:type\" content=\"image\/jpeg\" \/>\n<meta name=\"author\" content=\"Yolanda Sevadilla Navarro\" \/>\n<meta name=\"twitter:card\" content=\"summary_large_image\" \/>\n<meta name=\"twitter:label1\" content=\"Escrito por\" \/>\n\t<meta name=\"twitter:data1\" content=\"Yolanda Sevadilla Navarro\" \/>\n\t<meta name=\"twitter:label2\" content=\"Tiempo de lectura\" \/>\n\t<meta name=\"twitter:data2\" content=\"1 minuto\" \/>\n<script type=\"application\/ld+json\" class=\"yoast-schema-graph\">{\"@context\":\"https:\/\/schema.org\",\"@graph\":[{\"@type\":\"Article\",\"@id\":\"https:\/\/www.agres.es\/es\/fiestas-patronales-2022\/#article\",\"isPartOf\":{\"@id\":\"https:\/\/www.agres.es\/es\/fiestas-patronales-2022\/\"},\"author\":{\"name\":\"Yolanda Sevadilla Navarro\",\"@id\":\"https:\/\/www.agres.es\/es\/#\/schema\/person\/59cc6514833c37c96164781ff15bb194\"},\"headline\":\"FIESTAS PATRONALES 2022\",\"datePublished\":\"2022-08-27T11:42:38+00:00\",\"dateModified\":\"2022-11-16T10:45:47+00:00\",\"mainEntityOfPage\":{\"@id\":\"https:\/\/www.agres.es\/es\/fiestas-patronales-2022\/\"},\"wordCount\":25,\"image\":{\"@id\":\"https:\/\/www.agres.es\/es\/fiestas-patronales-2022\/#primaryimage\"},\"thumbnailUrl\":\"https:\/\/www.agres.es\/wp-content\/uploads\/2022\/08\/6fbc5d52-07ac-4bd6-8637-55facd09b7eb.jpg\",\"articleSection\":[\"Cultura\",\"Noticias\",\"Noticias fiestas\",\"Noticias turismo\",\"Turismo\"],\"inLanguage\":\"es\"},{\"@type\":\"WebPage\",\"@id\":\"https:\/\/www.agres.es\/es\/fiestas-patronales-2022\/\",\"url\":\"https:\/\/www.agres.es\/es\/fiestas-patronales-2022\/\",\"name\":\"FIESTAS PATRONALES 2022 - Agres\",\"isPartOf\":{\"@id\":\"https:\/\/www.agres.es\/es\/#website\"},\"primaryImageOfPage\":{\"@id\":\"https:\/\/www.agres.es\/es\/fiestas-patronales-2022\/#primaryimage\"},\"image\":{\"@id\":\"https:\/\/www.agres.es\/es\/fiestas-patronales-2022\/#primaryimage\"},\"thumbnailUrl\":\"https:\/\/www.agres.es\/wp-content\/uploads\/2022\/08\/6fbc5d52-07ac-4bd6-8637-55facd09b7eb.jpg\",\"datePublished\":\"2022-08-27T11:42:38+00:00\",\"dateModified\":\"2022-11-16T10:45:47+00:00\",\"author\":{\"@id\":\"https:\/\/www.agres.es\/es\/#\/schema\/person\/59cc6514833c37c96164781ff15bb194\"},\"description\":\"Dias durante los cuales se celebrar\u00e1n las fiestass de la Mare de Deu de Agres.\",\"breadcrumb\":{\"@id\":\"https:\/\/www.agres.es\/es\/fiestas-patronales-2022\/#breadcrumb\"},\"inLanguage\":\"es\",\"potentialAction\":[{\"@type\":\"ReadAction\",\"target\":[\"https:\/\/www.agres.es\/es\/fiestas-patronales-2022\/\"]}]},{\"@type\":\"ImageObject\",\"inLanguage\":\"es\",\"@id\":\"https:\/\/www.agres.es\/es\/fiestas-patronales-2022\/#primaryimage\",\"url\":\"https:\/\/www.agres.es\/wp-content\/uploads\/2022\/08\/6fbc5d52-07ac-4bd6-8637-55facd09b7eb.jpg\",\"contentUrl\":\"https:\/\/www.agres.es\/wp-content\/uploads\/2022\/08\/6fbc5d52-07ac-4bd6-8637-55facd09b7eb.jpg\",\"width\":727,\"height\":1024},{\"@type\":\"BreadcrumbList\",\"@id\":\"https:\/\/www.agres.es\/es\/fiestas-patronales-2022\/#breadcrumb\",\"itemListElement\":[{\"@type\":\"ListItem\",\"position\":1,\"name\":\"Inicio\",\"item\":\"https:\/\/www.agres.es\/es\/\"},{\"@type\":\"ListItem\",\"position\":2,\"name\":\"FIESTAS PATRONALES 2022\"}]},{\"@type\":\"WebSite\",\"@id\":\"https:\/\/www.agres.es\/es\/#website\",\"url\":\"https:\/\/www.agres.es\/es\/\",\"name\":\"Agres\",\"description\":\"Ayuntamiento de la Vila de Agres\",\"potentialAction\":[{\"@type\":\"SearchAction\",\"target\":{\"@type\":\"EntryPoint\",\"urlTemplate\":\"https:\/\/www.agres.es\/es\/?s={search_term_string}\"},\"query-input\":{\"@type\":\"PropertyValueSpecification\",\"valueRequired\":true,\"valueName\":\"search_term_string\"}}],\"inLanguage\":\"es\"},{\"@type\":\"Person\",\"@id\":\"https:\/\/www.agres.es\/es\/#\/schema\/person\/59cc6514833c37c96164781ff15bb194\",\"name\":\"Yolanda Sevadilla Navarro\"}]}<\/script>\n<!-- \/ Yoast SEO plugin. -->","yoast_head_json":{"title":"FIESTAS PATRONALES 2022 - Agres","description":"Dias durante los cuales se celebrar\u00e1n las fiestass de la Mare de Deu de Agres.","robots":{"index":"index","follow":"follow","max-snippet":"max-snippet:-1","max-image-preview":"max-image-preview:large","max-video-preview":"max-video-preview:-1"},"canonical":"https:\/\/www.agres.es\/es\/fiestas-patronales-2022\/","og_locale":"es_ES","og_type":"article","og_title":"FIESTAS PATRONALES 2022 - Agres","og_description":"Dias durante los cuales se celebrar\u00e1n las fiestass de la Mare de Deu de Agres.","og_url":"https:\/\/www.agres.es\/es\/fiestas-patronales-2022\/","og_site_name":"Agres","article_published_time":"2022-08-27T11:42:38+00:00","article_modified_time":"2022-11-16T10:45:47+00:00","og_image":[{"width":727,"height":1024,"url":"https:\/\/www.agres.es\/wp-content\/uploads\/2022\/08\/6fbc5d52-07ac-4bd6-8637-55facd09b7eb.jpg","type":"image\/jpeg"}],"author":"Yolanda Sevadilla Navarro","twitter_card":"summary_large_image","twitter_misc":{"Escrito por":"Yolanda Sevadilla Navarro","Tiempo de lectura":"1 minuto"},"schema":{"@context":"https:\/\/schema.org","@graph":[{"@type":"Article","@id":"https:\/\/www.agres.es\/es\/fiestas-patronales-2022\/#article","isPartOf":{"@id":"https:\/\/www.agres.es\/es\/fiestas-patronales-2022\/"},"author":{"name":"Yolanda Sevadilla Navarro","@id":"https:\/\/www.agres.es\/es\/#\/schema\/person\/59cc6514833c37c96164781ff15bb194"},"headline":"FIESTAS PATRONALES 2022","datePublished":"2022-08-27T11:42:38+00:00","dateModified":"2022-11-16T10:45:47+00:00","mainEntityOfPage":{"@id":"https:\/\/www.agres.es\/es\/fiestas-patronales-2022\/"},"wordCount":25,"image":{"@id":"https:\/\/www.agres.es\/es\/fiestas-patronales-2022\/#primaryimage"},"thumbnailUrl":"https:\/\/www.agres.es\/wp-content\/uploads\/2022\/08\/6fbc5d52-07ac-4bd6-8637-55facd09b7eb.jpg","articleSection":["Cultura","Noticias","Noticias fiestas","Noticias turismo","Turismo"],"inLanguage":"es"},{"@type":"WebPage","@id":"https:\/\/www.agres.es\/es\/fiestas-patronales-2022\/","url":"https:\/\/www.agres.es\/es\/fiestas-patronales-2022\/","name":"FIESTAS PATRONALES 2022 - Agres","isPartOf":{"@id":"https:\/\/www.agres.es\/es\/#website"},"primaryImageOfPage":{"@id":"https:\/\/www.agres.es\/es\/fiestas-patronales-2022\/#primaryimage"},"image":{"@id":"https:\/\/www.agres.es\/es\/fiestas-patronales-2022\/#primaryimage"},"thumbnailUrl":"https:\/\/www.agres.es\/wp-content\/uploads\/2022\/08\/6fbc5d52-07ac-4bd6-8637-55facd09b7eb.jpg","datePublished":"2022-08-27T11:42:38+00:00","dateModified":"2022-11-16T10:45:47+00:00","author":{"@id":"https:\/\/www.agres.es\/es\/#\/schema\/person\/59cc6514833c37c96164781ff15bb194"},"description":"Dias durante los cuales se celebrar\u00e1n las fiestass de la Mare de Deu de Agres.","breadcrumb":{"@id":"https:\/\/www.agres.es\/es\/fiestas-patronales-2022\/#breadcrumb"},"inLanguage":"es","potentialAction":[{"@type":"ReadAction","target":["https:\/\/www.agres.es\/es\/fiestas-patronales-2022\/"]}]},{"@type":"ImageObject","inLanguage":"es","@id":"https:\/\/www.agres.es\/es\/fiestas-patronales-2022\/#primaryimage","url":"https:\/\/www.agres.es\/wp-content\/uploads\/2022\/08\/6fbc5d52-07ac-4bd6-8637-55facd09b7eb.jpg","contentUrl":"https:\/\/www.agres.es\/wp-content\/uploads\/2022\/08\/6fbc5d52-07ac-4bd6-8637-55facd09b7eb.jpg","width":727,"height":1024},{"@type":"BreadcrumbList","@id":"https:\/\/www.agres.es\/es\/fiestas-patronales-2022\/#breadcrumb","itemListElement":[{"@type":"ListItem","position":1,"name":"Inicio","item":"https:\/\/www.agres.es\/es\/"},{"@type":"ListItem","position":2,"name":"FIESTAS PATRONALES 2022"}]},{"@type":"WebSite","@id":"https:\/\/www.agres.es\/es\/#website","url":"https:\/\/www.agres.es\/es\/","name":"Agres","description":"Ayuntamiento de la Vila de Agres","potentialAction":[{"@type":"SearchAction","target":{"@type":"EntryPoint","urlTemplate":"https:\/\/www.agres.es\/es\/?s={search_term_string}"},"query-input":{"@type":"PropertyValueSpecification","valueRequired":true,"valueName":"search_term_string"}}],"inLanguage":"es"},{"@type":"Person","@id":"https:\/\/www.agres.es\/es\/#\/schema\/person\/59cc6514833c37c96164781ff15bb194","name":"Yolanda Sevadilla Navarro"}]}},"_links":{"self":[{"href":"https:\/\/www.agres.es\/es\/wp-json\/wp\/v2\/posts\/64408","targetHints":{"allow":["GET"]}}],"collection":[{"href":"https:\/\/www.agres.es\/es\/wp-json\/wp\/v2\/posts"}],"about":[{"href":"https:\/\/www.agres.es\/es\/wp-json\/wp\/v2\/types\/post"}],"author":[{"embeddable":true,"href":"https:\/\/www.agres.es\/es\/wp-json\/wp\/v2\/users\/4"}],"replies":[{"embeddable":true,"href":"https:\/\/www.agres.es\/es\/wp-json\/wp\/v2\/comments?post=64408"}],"version-history":[{"count":0,"href":"https:\/\/www.agres.es\/es\/wp-json\/wp\/v2\/posts\/64408\/revisions"}],"wp:featuredmedia":[{"embeddable":true,"href":"https:\/\/www.agres.es\/es\/wp-json\/wp\/v2\/media\/64401"}],"wp:attachment":[{"href":"https:\/\/www.agres.es\/es\/wp-json\/wp\/v2\/media?parent=64408"}],"wp:term":[{"taxonomy":"category","embeddable":true,"href":"https:\/\/www.agres.es\/es\/wp-json\/wp\/v2\/categories?post=64408"},{"taxonomy":"post_tag","embeddable":true,"href":"https:\/\/www.agres.es\/es\/wp-json\/wp\/v2\/tags?post=64408"}],"curies":[{"name":"wp","href":"https:\/\/api.w.org\/{rel}","templated":true}]}}