{"id":64492,"date":"2022-11-04T13:30:45","date_gmt":"2022-11-04T12:30:45","guid":{"rendered":"https:\/\/www.agres.es\/?p=64492"},"modified":"2022-11-25T11:19:18","modified_gmt":"2022-11-25T10:19:18","slug":"nadalenques","status":"publish","type":"post","link":"https:\/\/www.agres.es\/es\/nadalenques\/","title":{"rendered":"Nadaletes"},"content":{"rendered":"<p><iframe title=\"Ja v\u00e9nen els Reis\" width=\"1080\" height=\"810\" src=\"https:\/\/www.youtube.com\/embed\/KpLON3JewJw?feature=oembed\"  allow=\"accelerometer; autoplay; clipboard-write; encrypted-media; gyroscope; picture-in-picture\" allowfullscreen><\/iframe><\/p>\n<p><iframe title=\"Can\u00e7\u00f3 del cap\u00e7al\" width=\"1080\" height=\"810\" src=\"https:\/\/www.youtube.com\/embed\/DXVPDoMtjyE?feature=oembed\"  allow=\"accelerometer; autoplay; clipboard-write; encrypted-media; gyroscope; picture-in-picture\" allowfullscreen><\/iframe><\/p>\n<p><iframe title=\"Pastorets i pastoretes. Nadala de Villalonga amb lletra. Cantant: Pep Gimeno &quot;Botifarra&quot;\" width=\"1080\" height=\"608\" src=\"https:\/\/www.youtube.com\/embed\/BI8aPFobVWc?feature=oembed\"  allow=\"accelerometer; autoplay; clipboard-write; encrypted-media; gyroscope; picture-in-picture\" allowfullscreen><\/iframe><\/p>\n<p><iframe title=\"Jo Pense Portar-li- Nadal Alcoi\u00e0\" width=\"1080\" height=\"810\" src=\"https:\/\/www.youtube.com\/embed\/I8gHpWsNS08?feature=oembed\"  allow=\"accelerometer; autoplay; clipboard-write; encrypted-media; gyroscope; picture-in-picture\" allowfullscreen><\/iframe><\/p>\n<p><iframe title=\"Donem L&#039;aguinaldo.mp4\" width=\"1080\" height=\"608\" src=\"https:\/\/www.youtube.com\/embed\/1AsVmidmTpI?feature=oembed\"  allow=\"accelerometer; autoplay; clipboard-write; encrypted-media; gyroscope; picture-in-picture\" allowfullscreen><\/iframe><\/p>\n<p><iframe title=\"Fum, fum, fum- Paco Mu\u00f1oz (Bon Nadal)- Nadal valenci\u00e0\" width=\"1080\" height=\"810\" src=\"https:\/\/www.youtube.com\/embed\/5jyKnoceH_w?feature=oembed\"  allow=\"accelerometer; autoplay; clipboard-write; encrypted-media; gyroscope; picture-in-picture\" allowfullscreen><\/iframe><\/p>\n<p><iframe title=\"Davall d&#039;una penyeta- Nadal Alcoi\u00e0\" width=\"1080\" height=\"810\" src=\"https:\/\/www.youtube.com\/embed\/Q_zjM_Lh7aA?feature=oembed\"  allow=\"accelerometer; autoplay; clipboard-write; encrypted-media; gyroscope; picture-in-picture\" allowfullscreen><\/iframe><\/p>\n<p><iframe title=\"A Betlem Me&#039;n Vull Anar\" width=\"1080\" height=\"810\" src=\"https:\/\/www.youtube.com\/embed\/6kf7QsRo3iM?feature=oembed\"  allow=\"accelerometer; autoplay; clipboard-write; encrypted-media; gyroscope; picture-in-picture\" allowfullscreen><\/iframe><\/p>\n<p><iframe title=\"Camina Maria- Nadal Alcoi\u00e0\" width=\"1080\" height=\"810\" src=\"https:\/\/www.youtube.com\/embed\/Vxk_93NHO9Y?feature=oembed\"  allow=\"accelerometer; autoplay; clipboard-write; encrypted-media; gyroscope; picture-in-picture\" allowfullscreen><\/iframe><\/p>\n<p><iframe title=\"Esta nit far\u00e0 lluneta\" width=\"1080\" height=\"810\" src=\"https:\/\/www.youtube.com\/embed\/Z7J5SeyNLOA?feature=oembed\"  allow=\"accelerometer; autoplay; clipboard-write; encrypted-media; gyroscope; picture-in-picture\" allowfullscreen><\/iframe><\/p>\n<p><iframe title=\"PASTORETS I PASTORETES- Nadal Valenci\u00e0-Al Tall\" width=\"1080\" height=\"810\" src=\"https:\/\/www.youtube.com\/embed\/GVNTll4Cwrc?feature=oembed\"  allow=\"accelerometer; autoplay; clipboard-write; encrypted-media; gyroscope; picture-in-picture\" allowfullscreen><\/iframe><\/p>\n<p><iframe title=\"Esta nit \u00e9s bona nit-Nadal Valenci\u00e0- Carraixet i Tica Grau\" width=\"1080\" height=\"810\" src=\"https:\/\/www.youtube.com\/embed\/wuRRi7FC9V8?feature=oembed\"  allow=\"accelerometer; autoplay; clipboard-write; encrypted-media; gyroscope; picture-in-picture\" allowfullscreen><\/iframe><\/p>\n<p><iframe title=\"La Pandorga- Nadal Alcoi\u00e0\" width=\"1080\" height=\"810\" src=\"https:\/\/www.youtube.com\/embed\/oC-6RqjCBpc?feature=oembed\"  allow=\"accelerometer; autoplay; clipboard-write; encrypted-media; gyroscope; picture-in-picture\" allowfullscreen><\/iframe><\/p>\n<p><iframe title=\"L&#039;asguinaldo d&#039;Agres - PER NADAL, CAN\u00c7ONS\" width=\"1080\" height=\"608\" src=\"https:\/\/www.youtube.com\/embed\/XMqhQQcPrlA?feature=oembed\"  allow=\"accelerometer; autoplay; clipboard-write; encrypted-media; gyroscope; picture-in-picture\" allowfullscreen><\/iframe><\/p>\n<p><iframe title=\"LA NIT DE NADAL- Nadal Valenci\u00e0- Paco Mu\u00f1oz\" width=\"1080\" height=\"810\" src=\"https:\/\/www.youtube.com\/embed\/tJ5EZIsNuBo?feature=oembed\"  allow=\"accelerometer; autoplay; clipboard-write; encrypted-media; gyroscope; picture-in-picture\" allowfullscreen><\/iframe><\/p>\n","protected":false},"excerpt":{"rendered":"","protected":false},"author":4,"featured_media":64487,"comment_status":"closed","ping_status":"closed","sticky":false,"template":"","format":"standard","meta":{"_et_pb_use_builder":"","_et_pb_old_content":"","_et_gb_content_width":"","footnotes":""},"categories":[194,178,164,170,172,174],"tags":[],"class_list":["post-64492","post","type-post","status-publish","format-standard","has-post-thumbnail","hentry","category-cultura-es","category-fiestas-es","category-noticias-es","category-noticias-fiestas","category-noticias-turismo","category-turismo"],"yoast_head":"<!-- This site is optimized with the Yoast SEO plugin v26.9 - https:\/\/yoast.com\/product\/yoast-seo-wordpress\/ -->\n<title>Nadaletes - Agres<\/title>\n<meta name=\"robots\" content=\"index, follow, max-snippet:-1, max-image-preview:large, max-video-preview:-1\" \/>\n<link rel=\"canonical\" href=\"https:\/\/www.agres.es\/es\/nadalenques\/\" \/>\n<meta property=\"og:locale\" content=\"es_ES\" \/>\n<meta property=\"og:type\" content=\"article\" \/>\n<meta property=\"og:title\" content=\"Nadaletes - Agres\" \/>\n<meta property=\"og:url\" content=\"https:\/\/www.agres.es\/es\/nadalenques\/\" \/>\n<meta property=\"og:site_name\" content=\"Agres\" \/>\n<meta property=\"article:published_time\" content=\"2022-11-04T12:30:45+00:00\" \/>\n<meta property=\"article:modified_time\" content=\"2022-11-25T10:19:18+00:00\" \/>\n<meta property=\"og:image\" content=\"https:\/\/www.agres.es\/wp-content\/uploads\/2022\/11\/istockphoto-1161472701-612x612-1.jpg\" \/>\n\t<meta property=\"og:image:width\" content=\"612\" \/>\n\t<meta property=\"og:image:height\" content=\"408\" \/>\n\t<meta property=\"og:image:type\" content=\"image\/jpeg\" \/>\n<meta name=\"author\" content=\"Yolanda Sevadilla Navarro\" \/>\n<meta name=\"twitter:card\" content=\"summary_large_image\" \/>\n<meta name=\"twitter:label1\" content=\"Escrito por\" \/>\n\t<meta name=\"twitter:data1\" content=\"Yolanda Sevadilla Navarro\" \/>\n\t<meta name=\"twitter:label2\" content=\"Tiempo de lectura\" \/>\n\t<meta name=\"twitter:data2\" content=\"1 minuto\" \/>\n<script type=\"application\/ld+json\" class=\"yoast-schema-graph\">{\"@context\":\"https:\/\/schema.org\",\"@graph\":[{\"@type\":\"Article\",\"@id\":\"https:\/\/www.agres.es\/es\/nadalenques\/#article\",\"isPartOf\":{\"@id\":\"https:\/\/www.agres.es\/es\/nadalenques\/\"},\"author\":{\"name\":\"Yolanda Sevadilla Navarro\",\"@id\":\"https:\/\/www.agres.es\/es\/#\/schema\/person\/59cc6514833c37c96164781ff15bb194\"},\"headline\":\"Nadaletes\",\"datePublished\":\"2022-11-04T12:30:45+00:00\",\"dateModified\":\"2022-11-25T10:19:18+00:00\",\"mainEntityOfPage\":{\"@id\":\"https:\/\/www.agres.es\/es\/nadalenques\/\"},\"wordCount\":154,\"image\":{\"@id\":\"https:\/\/www.agres.es\/es\/nadalenques\/#primaryimage\"},\"thumbnailUrl\":\"https:\/\/www.agres.es\/wp-content\/uploads\/2022\/11\/istockphoto-1161472701-612x612-1.jpg\",\"articleSection\":[\"Cultura\",\"Fiestas\",\"Noticias\",\"Noticias fiestas\",\"Noticias turismo\",\"Turismo\"],\"inLanguage\":\"es\"},{\"@type\":\"WebPage\",\"@id\":\"https:\/\/www.agres.es\/es\/nadalenques\/\",\"url\":\"https:\/\/www.agres.es\/es\/nadalenques\/\",\"name\":\"Nadaletes - Agres\",\"isPartOf\":{\"@id\":\"https:\/\/www.agres.es\/es\/#website\"},\"primaryImageOfPage\":{\"@id\":\"https:\/\/www.agres.es\/es\/nadalenques\/#primaryimage\"},\"image\":{\"@id\":\"https:\/\/www.agres.es\/es\/nadalenques\/#primaryimage\"},\"thumbnailUrl\":\"https:\/\/www.agres.es\/wp-content\/uploads\/2022\/11\/istockphoto-1161472701-612x612-1.jpg\",\"datePublished\":\"2022-11-04T12:30:45+00:00\",\"dateModified\":\"2022-11-25T10:19:18+00:00\",\"author\":{\"@id\":\"https:\/\/www.agres.es\/es\/#\/schema\/person\/59cc6514833c37c96164781ff15bb194\"},\"breadcrumb\":{\"@id\":\"https:\/\/www.agres.es\/es\/nadalenques\/#breadcrumb\"},\"inLanguage\":\"es\",\"potentialAction\":[{\"@type\":\"ReadAction\",\"target\":[\"https:\/\/www.agres.es\/es\/nadalenques\/\"]}]},{\"@type\":\"ImageObject\",\"inLanguage\":\"es\",\"@id\":\"https:\/\/www.agres.es\/es\/nadalenques\/#primaryimage\",\"url\":\"https:\/\/www.agres.es\/wp-content\/uploads\/2022\/11\/istockphoto-1161472701-612x612-1.jpg\",\"contentUrl\":\"https:\/\/www.agres.es\/wp-content\/uploads\/2022\/11\/istockphoto-1161472701-612x612-1.jpg\",\"width\":612,\"height\":408,\"caption\":\"Beautiful snowflakes on an abstract shiny light background\"},{\"@type\":\"BreadcrumbList\",\"@id\":\"https:\/\/www.agres.es\/es\/nadalenques\/#breadcrumb\",\"itemListElement\":[{\"@type\":\"ListItem\",\"position\":1,\"name\":\"Inicio\",\"item\":\"https:\/\/www.agres.es\/es\/\"},{\"@type\":\"ListItem\",\"position\":2,\"name\":\"Nadaletes\"}]},{\"@type\":\"WebSite\",\"@id\":\"https:\/\/www.agres.es\/es\/#website\",\"url\":\"https:\/\/www.agres.es\/es\/\",\"name\":\"Agres\",\"description\":\"Ayuntamiento de la Vila de Agres\",\"potentialAction\":[{\"@type\":\"SearchAction\",\"target\":{\"@type\":\"EntryPoint\",\"urlTemplate\":\"https:\/\/www.agres.es\/es\/?s={search_term_string}\"},\"query-input\":{\"@type\":\"PropertyValueSpecification\",\"valueRequired\":true,\"valueName\":\"search_term_string\"}}],\"inLanguage\":\"es\"},{\"@type\":\"Person\",\"@id\":\"https:\/\/www.agres.es\/es\/#\/schema\/person\/59cc6514833c37c96164781ff15bb194\",\"name\":\"Yolanda Sevadilla Navarro\"}]}<\/script>\n<!-- \/ Yoast SEO plugin. -->","yoast_head_json":{"title":"Nadaletes - Agres","robots":{"index":"index","follow":"follow","max-snippet":"max-snippet:-1","max-image-preview":"max-image-preview:large","max-video-preview":"max-video-preview:-1"},"canonical":"https:\/\/www.agres.es\/es\/nadalenques\/","og_locale":"es_ES","og_type":"article","og_title":"Nadaletes - Agres","og_url":"https:\/\/www.agres.es\/es\/nadalenques\/","og_site_name":"Agres","article_published_time":"2022-11-04T12:30:45+00:00","article_modified_time":"2022-11-25T10:19:18+00:00","og_image":[{"width":612,"height":408,"url":"https:\/\/www.agres.es\/wp-content\/uploads\/2022\/11\/istockphoto-1161472701-612x612-1.jpg","type":"image\/jpeg"}],"author":"Yolanda Sevadilla Navarro","twitter_card":"summary_large_image","twitter_misc":{"Escrito por":"Yolanda Sevadilla Navarro","Tiempo de lectura":"1 minuto"},"schema":{"@context":"https:\/\/schema.org","@graph":[{"@type":"Article","@id":"https:\/\/www.agres.es\/es\/nadalenques\/#article","isPartOf":{"@id":"https:\/\/www.agres.es\/es\/nadalenques\/"},"author":{"name":"Yolanda Sevadilla Navarro","@id":"https:\/\/www.agres.es\/es\/#\/schema\/person\/59cc6514833c37c96164781ff15bb194"},"headline":"Nadaletes","datePublished":"2022-11-04T12:30:45+00:00","dateModified":"2022-11-25T10:19:18+00:00","mainEntityOfPage":{"@id":"https:\/\/www.agres.es\/es\/nadalenques\/"},"wordCount":154,"image":{"@id":"https:\/\/www.agres.es\/es\/nadalenques\/#primaryimage"},"thumbnailUrl":"https:\/\/www.agres.es\/wp-content\/uploads\/2022\/11\/istockphoto-1161472701-612x612-1.jpg","articleSection":["Cultura","Fiestas","Noticias","Noticias fiestas","Noticias turismo","Turismo"],"inLanguage":"es"},{"@type":"WebPage","@id":"https:\/\/www.agres.es\/es\/nadalenques\/","url":"https:\/\/www.agres.es\/es\/nadalenques\/","name":"Nadaletes - Agres","isPartOf":{"@id":"https:\/\/www.agres.es\/es\/#website"},"primaryImageOfPage":{"@id":"https:\/\/www.agres.es\/es\/nadalenques\/#primaryimage"},"image":{"@id":"https:\/\/www.agres.es\/es\/nadalenques\/#primaryimage"},"thumbnailUrl":"https:\/\/www.agres.es\/wp-content\/uploads\/2022\/11\/istockphoto-1161472701-612x612-1.jpg","datePublished":"2022-11-04T12:30:45+00:00","dateModified":"2022-11-25T10:19:18+00:00","author":{"@id":"https:\/\/www.agres.es\/es\/#\/schema\/person\/59cc6514833c37c96164781ff15bb194"},"breadcrumb":{"@id":"https:\/\/www.agres.es\/es\/nadalenques\/#breadcrumb"},"inLanguage":"es","potentialAction":[{"@type":"ReadAction","target":["https:\/\/www.agres.es\/es\/nadalenques\/"]}]},{"@type":"ImageObject","inLanguage":"es","@id":"https:\/\/www.agres.es\/es\/nadalenques\/#primaryimage","url":"https:\/\/www.agres.es\/wp-content\/uploads\/2022\/11\/istockphoto-1161472701-612x612-1.jpg","contentUrl":"https:\/\/www.agres.es\/wp-content\/uploads\/2022\/11\/istockphoto-1161472701-612x612-1.jpg","width":612,"height":408,"caption":"Beautiful snowflakes on an abstract shiny light background"},{"@type":"BreadcrumbList","@id":"https:\/\/www.agres.es\/es\/nadalenques\/#breadcrumb","itemListElement":[{"@type":"ListItem","position":1,"name":"Inicio","item":"https:\/\/www.agres.es\/es\/"},{"@type":"ListItem","position":2,"name":"Nadaletes"}]},{"@type":"WebSite","@id":"https:\/\/www.agres.es\/es\/#website","url":"https:\/\/www.agres.es\/es\/","name":"Agres","description":"Ayuntamiento de la Vila de Agres","potentialAction":[{"@type":"SearchAction","target":{"@type":"EntryPoint","urlTemplate":"https:\/\/www.agres.es\/es\/?s={search_term_string}"},"query-input":{"@type":"PropertyValueSpecification","valueRequired":true,"valueName":"search_term_string"}}],"inLanguage":"es"},{"@type":"Person","@id":"https:\/\/www.agres.es\/es\/#\/schema\/person\/59cc6514833c37c96164781ff15bb194","name":"Yolanda Sevadilla Navarro"}]}},"_links":{"self":[{"href":"https:\/\/www.agres.es\/es\/wp-json\/wp\/v2\/posts\/64492","targetHints":{"allow":["GET"]}}],"collection":[{"href":"https:\/\/www.agres.es\/es\/wp-json\/wp\/v2\/posts"}],"about":[{"href":"https:\/\/www.agres.es\/es\/wp-json\/wp\/v2\/types\/post"}],"author":[{"embeddable":true,"href":"https:\/\/www.agres.es\/es\/wp-json\/wp\/v2\/users\/4"}],"replies":[{"embeddable":true,"href":"https:\/\/www.agres.es\/es\/wp-json\/wp\/v2\/comments?post=64492"}],"version-history":[{"count":0,"href":"https:\/\/www.agres.es\/es\/wp-json\/wp\/v2\/posts\/64492\/revisions"}],"wp:featuredmedia":[{"embeddable":true,"href":"https:\/\/www.agres.es\/es\/wp-json\/wp\/v2\/media\/64487"}],"wp:attachment":[{"href":"https:\/\/www.agres.es\/es\/wp-json\/wp\/v2\/media?parent=64492"}],"wp:term":[{"taxonomy":"category","embeddable":true,"href":"https:\/\/www.agres.es\/es\/wp-json\/wp\/v2\/categories?post=64492"},{"taxonomy":"post_tag","embeddable":true,"href":"https:\/\/www.agres.es\/es\/wp-json\/wp\/v2\/tags?post=64492"}],"curies":[{"name":"wp","href":"https:\/\/api.w.org\/{rel}","templated":true}]}}